{"id":9805,"date":"2022-10-05T20:57:00","date_gmt":"2022-10-05T18:57:00","guid":{"rendered":"http:\/\/www.schubladenfrei.com\/cms\/?p=9805"},"modified":"2023-06-04T01:36:30","modified_gmt":"2023-06-03T23:36:30","slug":"festival-mediaval-xiii-festival-mediaval-mal-anders","status":"publish","type":"post","link":"https:\/\/www.schubladenfrei.com\/cms\/gesehen\/musik-live\/festival-mediaval-xiii-festival-mediaval-mal-anders\/","title":{"rendered":"Festival Mediaval XIII: Festival Mediaval mal anders"},"content":{"rendered":"\n<figure class=\"wp-block-image size-large\"><a href=\"http:\/\/www.schubladenfrei.com\/cms\/wp-content\/uploads\/2023\/06\/Literaturzelt_SA_FM-Anthologie-4.jpg\"><img loading=\"lazy\" width=\"1024\" height=\"576\" src=\"http:\/\/www.schubladenfrei.com\/cms\/wp-content\/uploads\/2023\/06\/Literaturzelt_SA_FM-Anthologie-4-1024x576.jpg\" alt=\"\" class=\"wp-image-9806\" srcset=\"https:\/\/www.schubladenfrei.com\/cms\/wp-content\/uploads\/2023\/06\/Literaturzelt_SA_FM-Anthologie-4-1024x576.jpg 1024w, https:\/\/www.schubladenfrei.com\/cms\/wp-content\/uploads\/2023\/06\/Literaturzelt_SA_FM-Anthologie-4-300x169.jpg 300w, https:\/\/www.schubladenfrei.com\/cms\/wp-content\/uploads\/2023\/06\/Literaturzelt_SA_FM-Anthologie-4-768x432.jpg 768w, https:\/\/www.schubladenfrei.com\/cms\/wp-content\/uploads\/2023\/06\/Literaturzelt_SA_FM-Anthologie-4-1536x864.jpg 1536w, https:\/\/www.schubladenfrei.com\/cms\/wp-content\/uploads\/2023\/06\/Literaturzelt_SA_FM-Anthologie-4.jpg 2000w\" sizes=\"(max-width: 1024px) 100vw, 1024px\" \/><\/a><\/figure>\n\n\n\n<p>Endlich wieder Mediaval! Nach zwei pandemiebedingten, kleineren Veranstaltungen auf dem Goldberg gab es im September dieses Jahres endlich wieder die gro\u00dfe Ausgabe des Festivals.<\/p>\n\n\n\n<!--more-->\n\n\n\n<p>Es ist beinahe ein kleines Wunder, dass das Festival Mediaval die Corona-Zeit \u00fcberstanden hat. M\u00f6glich wurde dies durch die Treue und ungebrochene Begeisterung, die neben der Orga nicht nur das Publikum, sondern auch viele K\u00fcnstler*innen der Veranstaltung entgegenbringen.<\/p>\n\n\n\n<p>So fanden w\u00e4hrend der Pandemiezeit zwei Benefiz-Open Airs statt, nat\u00fcrlich unter Einhaltung aller geltenden Corona-Auflagen, bei dem alle Einnahmen einmal dem Festival und einmal den K\u00fcnstler*innen zu Gute kamen. Nun nach zwei Jahren also endlich wieder die gro\u00dfe Sause. Auf dem Programm stand das um zwei Jahre verschobene Rock- und Metal Special.<\/p>\n\n\n\n<p>Eigentlich war die Bandauswahl nicht so meines, meine \u201eharten\u201c Zeiten liegen schon eine ganze Weile zur\u00fcck. Zumal die einzigen, die mich am urspr\u00fcnglich f\u00fcr 2020 angek\u00fcndigten Lineup wirklich gereizt h\u00e4tten, n\u00e4mlich WARDRUNA, sich aufgrund unm\u00e4\u00dfiger nachtr\u00e4glicher Gagenforderungen leider selbst aus dem Spiel gekegelt hatten. Warum das Mediaval trotzdem immer einen Besuch lohnt, und ich wie jedem Jahr ein gro\u00dfartiges Festival hatte? Ich will versuchen, die Gr\u00fcnde daf\u00fcr aufzuz\u00e4hlen, wobei sich der wichtigste allerdings kaum in Worte fassen l\u00e4sst. Aber fangen wir einfach mal an:<\/p>\n\n\n\n<p><strong>Freitag:<\/strong><\/p>\n\n\n\n<p>Nach der \u00fcblichen Er\u00f6ffnung durch Bl\u00e4cky und die Festival-Crew, bei der auch die neue Festival-Hymne \u201eWir sind das Mediaval\u201c (zur Melodie von \u201eWellerman\u201c) erstmals erklang, starteten FIRKIN das Wochenende auf der Schlossb\u00fchne. Die Ungarn, bereits zum weiten Mal in Selb zu Gast, sorgten mit ihrem FIDDLERS GREEN artigen Folkrocksound gleich schon einmal f\u00fcr geh\u00f6rig Stimmung.<\/p>\n\n\n\n<p>Mich aber zog es dort sehr schnell weg, hin zu dem Ort, an dem ich den Gro\u00dfteil des Wochenendes verbringen sollte, und das nicht nur, weil er ein Dach zum Schutz vor dem an diesem Wochenende doch recht launischen Wetter bot:<\/p>\n\n\n\n<p>Das Literaturzelt hat sich in den letzten Jahren nicht nur f\u00fcr ausgemachte Fans deutschsprachiger History- und Fantasy-Literatur zu einem versteckten H\u00f6hepunkt des Festivals entwickelt. Versteckt ist hier auch w\u00f6rtlich zu nehmen, denn da man f\u00fcr Lesungen bekanntlich Ruhe ben\u00f6tigt, liegt es etwas abseits des ganzen Trubels am Berghang.&nbsp;<\/p>\n\n\n\n<p>Los ging es dort am Freitag gleich mit einem Highlight. BERHARD HENNEN und ROBERT CORVUS lasen aus ihrer aus dem DSA-Kosmos stammenden Phileasson Saga. &nbsp;Die beiden sind schon bei Einzellesungen gut, als Duo machen sie aber noch einmal mehr Spa\u00df, und so war gute Stimmung garantiert, inklusive Mitsing-Teil f\u00fcrs Publikum.<\/p>\n\n\n\n<figure class=\"wp-block-image size-large\"><a href=\"http:\/\/www.schubladenfrei.com\/cms\/wp-content\/uploads\/2023\/06\/Literaturzelt_FR_CorvusHennen_Phileasson-4.jpg\"><img loading=\"lazy\" width=\"1024\" height=\"576\" src=\"http:\/\/www.schubladenfrei.com\/cms\/wp-content\/uploads\/2023\/06\/Literaturzelt_FR_CorvusHennen_Phileasson-4-1024x576.jpg\" alt=\"\" class=\"wp-image-9807\" srcset=\"https:\/\/www.schubladenfrei.com\/cms\/wp-content\/uploads\/2023\/06\/Literaturzelt_FR_CorvusHennen_Phileasson-4-1024x576.jpg 1024w, https:\/\/www.schubladenfrei.com\/cms\/wp-content\/uploads\/2023\/06\/Literaturzelt_FR_CorvusHennen_Phileasson-4-300x169.jpg 300w, https:\/\/www.schubladenfrei.com\/cms\/wp-content\/uploads\/2023\/06\/Literaturzelt_FR_CorvusHennen_Phileasson-4-768x432.jpg 768w, https:\/\/www.schubladenfrei.com\/cms\/wp-content\/uploads\/2023\/06\/Literaturzelt_FR_CorvusHennen_Phileasson-4-1536x864.jpg 1536w, https:\/\/www.schubladenfrei.com\/cms\/wp-content\/uploads\/2023\/06\/Literaturzelt_FR_CorvusHennen_Phileasson-4.jpg 2000w\" sizes=\"(max-width: 1024px) 100vw, 1024px\" \/><\/a><figcaption>Robert Corvus und Bernhard Hennen<\/figcaption><\/figure>\n\n\n\n<p>Etwas weniger kom\u00f6diantisch aber nicht weniger gut ging es danach weiter mit MONIKA LOERCHNER, und ihrem Roman \u201eDer Zorn des Schattenk\u00f6nigs\u201c. Eine spannende Geschichte, die das Schicksal mehrerer Personen in zwei sehr unterschiedlichen, voneinander getrennten Reichen erz\u00e4hlt.<\/p>\n\n\n\n<p>Anschlie\u00dfend wurde es schmerzhaft f\u00fcr das anwesende Mannsvolk, wenn auch nur literarisch: \u201eVagina Dentata\u201c \u2013 die bitterb\u00f6se Fantasy Satire der gro\u00dfartigen LUCI VAN ORG kann man aber auch als Mann durchaus gefahrlos lesen. Auch bei dieser dritten Lesung war das Zelt gut gef\u00fcllt und die Stimmung bestens, zumal Luci zwischenzeitlich auch mal zur Gitarre griff.<\/p>\n\n\n\n<figure class=\"wp-block-image size-large\"><a href=\"http:\/\/www.schubladenfrei.com\/cms\/wp-content\/uploads\/2023\/06\/Literaturzelt_FR_LvO-7.jpg\"><img loading=\"lazy\" width=\"1024\" height=\"681\" src=\"http:\/\/www.schubladenfrei.com\/cms\/wp-content\/uploads\/2023\/06\/Literaturzelt_FR_LvO-7-1024x681.jpg\" alt=\"\" class=\"wp-image-9808\" srcset=\"https:\/\/www.schubladenfrei.com\/cms\/wp-content\/uploads\/2023\/06\/Literaturzelt_FR_LvO-7-1024x681.jpg 1024w, https:\/\/www.schubladenfrei.com\/cms\/wp-content\/uploads\/2023\/06\/Literaturzelt_FR_LvO-7-300x200.jpg 300w, https:\/\/www.schubladenfrei.com\/cms\/wp-content\/uploads\/2023\/06\/Literaturzelt_FR_LvO-7-768x511.jpg 768w, https:\/\/www.schubladenfrei.com\/cms\/wp-content\/uploads\/2023\/06\/Literaturzelt_FR_LvO-7-1536x1021.jpg 1536w, https:\/\/www.schubladenfrei.com\/cms\/wp-content\/uploads\/2023\/06\/Literaturzelt_FR_LvO-7.jpg 2000w\" sizes=\"(max-width: 1024px) 100vw, 1024px\" \/><\/a><figcaption>Luci van Org<\/figcaption><\/figure>\n\n\n\n<p>Das sollte sie sp\u00e4ter am Abend erneut tun, doch zun\u00e4chst stand f\u00fcr mich ein kurzer Ausflug ins musikalische Geschehen an. TANZWUT sorgten f\u00fcr einen geh\u00f6rigen Massenauflauf und veritablen Hexenkessel vor der Burgb\u00fchne, und dass trotz krankheitsbedingt ver\u00e4nderter Besetzung. H\u00e4tte man glatt ein bisschen l\u00e4nger bleiben k\u00f6nnen. Wenn nicht\u2026<\/p>\n\n\n\n<p>\u2026wieder das Literaturzelt gerufen h\u00e4tte. Dieses Mal tats\u00e4chlich aber auch mit einem Music Act, oder besser mehreren. Die bereits erw\u00e4hnte LUCI VAN ORG war erneut am Start, diesmal f\u00fcr eine Jam-Session zusammen mit niemand anderem als TOMMY KRAPPWEIS. Der Comedian, Autor, Streamer, Producer, Regisseur und sowieso Hans Dampf in allen Gassen ist n\u00e4mlich \u2013 entgegen eigenem Bekunden \u2013 auch ein wirklich guter Musiker. Kurzerhand hatte man noch Ex-OMNIA-Drummer ROB VAN BARSCHOT zwangsverpflichtet, der an diesem Wochenende mit seiner Solo-Percussion-Show auf dem Festival zu Gast war, und so groovten sich die drei launig durch jede Menge Blues- und Lagerfeuer-Klassiker. Als Sahneh\u00e4ubchen stieg dann auch noch TINI von PURPUR mit ein und sp\u00e4testens damit wurde der vorl\u00e4ufige Tagesabschluss im Literaturzelt eine echt runde Sache.\u00a0\u00a0 \u00a0\u00a0<\/p>\n\n\n\n<figure class=\"wp-block-image size-large\"><a href=\"http:\/\/www.schubladenfrei.com\/cms\/wp-content\/uploads\/2023\/06\/Literaturzelt_FR_Session-10.jpg\"><img loading=\"lazy\" width=\"1024\" height=\"576\" src=\"http:\/\/www.schubladenfrei.com\/cms\/wp-content\/uploads\/2023\/06\/Literaturzelt_FR_Session-10-1024x576.jpg\" alt=\"\" class=\"wp-image-9809\" srcset=\"https:\/\/www.schubladenfrei.com\/cms\/wp-content\/uploads\/2023\/06\/Literaturzelt_FR_Session-10-1024x576.jpg 1024w, https:\/\/www.schubladenfrei.com\/cms\/wp-content\/uploads\/2023\/06\/Literaturzelt_FR_Session-10-300x169.jpg 300w, https:\/\/www.schubladenfrei.com\/cms\/wp-content\/uploads\/2023\/06\/Literaturzelt_FR_Session-10-768x432.jpg 768w, https:\/\/www.schubladenfrei.com\/cms\/wp-content\/uploads\/2023\/06\/Literaturzelt_FR_Session-10-1536x864.jpg 1536w, https:\/\/www.schubladenfrei.com\/cms\/wp-content\/uploads\/2023\/06\/Literaturzelt_FR_Session-10.jpg 2000w\" sizes=\"(max-width: 1024px) 100vw, 1024px\" \/><\/a><figcaption>Luci, Tommy, Tini, Rob<\/figcaption><\/figure>\n\n\n\n<p>Headliner auf den Hauptb\u00fchnen waren am Freitag ASP, die als Ersatz f\u00fcr WARDRUNA ins Programm gekommen waren. Da die Band schon mehrfach live gesehen hatte, mit Auftritten verschiedener G\u00fcteklasse, hatte ich keine allzu gro\u00dfen Erwartungen, wurde aber positiv \u00fcberrascht. Alexander Spreng und die Band \u2013 als Gast an der Geige an diesem Abend die gro\u00dfartige SHIR RAN YINON \u2013 verspr\u00fchten bei der Tour der Force durch die Bandgeschichte jede Menge Energie und gute Laune. Sch\u00f6ner Abschluss und definitiv eines der besseren ASP-Konzerte, die ich gesehen habe.<\/p>\n\n\n\n<figure class=\"wp-block-image size-large\"><a href=\"http:\/\/www.schubladenfrei.com\/cms\/wp-content\/uploads\/2023\/06\/EDSC_0373-2.jpg\"><img loading=\"lazy\" width=\"1024\" height=\"680\" src=\"http:\/\/www.schubladenfrei.com\/cms\/wp-content\/uploads\/2023\/06\/EDSC_0373-2-1024x680.jpg\" alt=\"\" class=\"wp-image-9810\" srcset=\"https:\/\/www.schubladenfrei.com\/cms\/wp-content\/uploads\/2023\/06\/EDSC_0373-2-1024x680.jpg 1024w, https:\/\/www.schubladenfrei.com\/cms\/wp-content\/uploads\/2023\/06\/EDSC_0373-2-300x199.jpg 300w, https:\/\/www.schubladenfrei.com\/cms\/wp-content\/uploads\/2023\/06\/EDSC_0373-2-768x510.jpg 768w, https:\/\/www.schubladenfrei.com\/cms\/wp-content\/uploads\/2023\/06\/EDSC_0373-2-1536x1021.jpg 1536w, https:\/\/www.schubladenfrei.com\/cms\/wp-content\/uploads\/2023\/06\/EDSC_0373-2.jpg 2000w\" sizes=\"(max-width: 1024px) 100vw, 1024px\" \/><\/a><figcaption>ASP<\/figcaption><\/figure>\n\n\n\n<p>Aber was hei\u00dft Abschluss? Der Tag konnte nat\u00fcrlich nirgendwo enden als im Literaturzelt, wo sich zu vorger\u00fcckter Stunde der unvergleichliche CHRISTIAN VON ASTER f\u00fcr eine Mitternachtslesung die Ehre gab. Zu h\u00f6ren gab es passenderweise unter anderem die Geschichte von der \u201eMitternachtsh\u00fcpfburg\u201c, die mich ein ums andere Mal zum Schmunzeln bringt.<\/p>\n\n\n\n<figure class=\"wp-block-image size-large\"><a href=\"http:\/\/www.schubladenfrei.com\/cms\/wp-content\/uploads\/2023\/06\/Literaturzelt_FR_vAster_Mitternacht-1.jpg\"><img loading=\"lazy\" width=\"1024\" height=\"681\" src=\"http:\/\/www.schubladenfrei.com\/cms\/wp-content\/uploads\/2023\/06\/Literaturzelt_FR_vAster_Mitternacht-1-1024x681.jpg\" alt=\"\" class=\"wp-image-9811\" srcset=\"https:\/\/www.schubladenfrei.com\/cms\/wp-content\/uploads\/2023\/06\/Literaturzelt_FR_vAster_Mitternacht-1-1024x681.jpg 1024w, https:\/\/www.schubladenfrei.com\/cms\/wp-content\/uploads\/2023\/06\/Literaturzelt_FR_vAster_Mitternacht-1-300x200.jpg 300w, https:\/\/www.schubladenfrei.com\/cms\/wp-content\/uploads\/2023\/06\/Literaturzelt_FR_vAster_Mitternacht-1-768x511.jpg 768w, https:\/\/www.schubladenfrei.com\/cms\/wp-content\/uploads\/2023\/06\/Literaturzelt_FR_vAster_Mitternacht-1-1536x1021.jpg 1536w, https:\/\/www.schubladenfrei.com\/cms\/wp-content\/uploads\/2023\/06\/Literaturzelt_FR_vAster_Mitternacht-1.jpg 2000w\" sizes=\"(max-width: 1024px) 100vw, 1024px\" \/><\/a><figcaption>Christian von Aster<\/figcaption><\/figure>\n\n\n\n<p><\/p>\n\n\n\n<p><strong>Samstag:<\/strong><\/p>\n\n\n\n<p>Am Samstagmittag konnte ich nur kurz im Vorbeilaufen den Kl\u00e4ngen von KUPFERGOLD, den Awardgewinnern des Vorjahres, lauschen, denn ich war schon wieder auf dem Weg ins Literaturzelt, wo AXEL HILDEBRAND aus \u201eAussen \u2013 Asgard \u2013 Tag: die unverfilmten Drehb\u00fccher von Loki &amp; Thor\u201c las. Hildebrand, von Beruf tats\u00e4chlich Drehbuchautor zahlreicher TV-Krimiserien, hat in diesen Gespr\u00e4che zwischen den beiden nordischen G\u00f6ttern festgehalten, wie sie sich garantiert nie zugetragen haben. Die \u201eDivine Comedy\u201c sorgte f\u00fcr reichlich Gel\u00e4chter und gute Laune zum Tagesbeginn.<\/p>\n\n\n\n<figure class=\"wp-block-image size-large\"><a href=\"http:\/\/www.schubladenfrei.com\/cms\/wp-content\/uploads\/2023\/06\/Literaturzelt_SA_AHildebrand-2.jpg\"><img loading=\"lazy\" width=\"1024\" height=\"681\" src=\"http:\/\/www.schubladenfrei.com\/cms\/wp-content\/uploads\/2023\/06\/Literaturzelt_SA_AHildebrand-2-1024x681.jpg\" alt=\"\" class=\"wp-image-9812\" srcset=\"https:\/\/www.schubladenfrei.com\/cms\/wp-content\/uploads\/2023\/06\/Literaturzelt_SA_AHildebrand-2-1024x681.jpg 1024w, https:\/\/www.schubladenfrei.com\/cms\/wp-content\/uploads\/2023\/06\/Literaturzelt_SA_AHildebrand-2-300x200.jpg 300w, https:\/\/www.schubladenfrei.com\/cms\/wp-content\/uploads\/2023\/06\/Literaturzelt_SA_AHildebrand-2-768x511.jpg 768w, https:\/\/www.schubladenfrei.com\/cms\/wp-content\/uploads\/2023\/06\/Literaturzelt_SA_AHildebrand-2-1536x1021.jpg 1536w, https:\/\/www.schubladenfrei.com\/cms\/wp-content\/uploads\/2023\/06\/Literaturzelt_SA_AHildebrand-2.jpg 2000w\" sizes=\"(max-width: 1024px) 100vw, 1024px\" \/><\/a><figcaption>Axel Hildebrand<\/figcaption><\/figure>\n\n\n\n<p>Danach folgte ein kleiner Ausflug zur Theaterb\u00fchne, denn: kein Festival Mediaval ohne PURPUR. Tini und Judith aka Gabria und Leonora muss man einfach einmal am Festivalwochenende gesehen haben \u2013 so will es das Gesetz!<\/p>\n\n\n\n<p>Zur\u00fcck im Literaturzelt wurde es dort schon langsam voll vor, aber auch auf der B\u00fchne. F\u00fcr die Lesung aus der unter der Regie von Literaturzelt-Initiatorin AMANDARA entstandenen Kurzgeschichten-Sammlung \u201eWir sind die Bunten\u201c versammelten sich dort insgesamt 10 Autor*innen, was platztechnisch f\u00fcr einiges Kopfzerbrechen sorgte. Die Menschenf\u00fclle im Zuschauerraum war aber mit Sicherheit nicht dem Regen zu verdanken, der gerade einmal wieder fr\u00f6hlich vom Himmel fiel, denn die Stories in der Anthologie drehen sich alle auf die ein oder andere Weise um das Festival Mediaval.<\/p>\n\n\n\n<figure class=\"wp-block-image size-large\"><a href=\"http:\/\/www.schubladenfrei.com\/cms\/wp-content\/uploads\/2023\/06\/Literaturzelt_SA_FM-Anthologie-4-1.jpg\"><img loading=\"lazy\" width=\"1024\" height=\"576\" src=\"http:\/\/www.schubladenfrei.com\/cms\/wp-content\/uploads\/2023\/06\/Literaturzelt_SA_FM-Anthologie-4-1-1024x576.jpg\" alt=\"\" class=\"wp-image-9813\" srcset=\"https:\/\/www.schubladenfrei.com\/cms\/wp-content\/uploads\/2023\/06\/Literaturzelt_SA_FM-Anthologie-4-1-1024x576.jpg 1024w, https:\/\/www.schubladenfrei.com\/cms\/wp-content\/uploads\/2023\/06\/Literaturzelt_SA_FM-Anthologie-4-1-300x169.jpg 300w, https:\/\/www.schubladenfrei.com\/cms\/wp-content\/uploads\/2023\/06\/Literaturzelt_SA_FM-Anthologie-4-1-768x432.jpg 768w, https:\/\/www.schubladenfrei.com\/cms\/wp-content\/uploads\/2023\/06\/Literaturzelt_SA_FM-Anthologie-4-1-1536x864.jpg 1536w, https:\/\/www.schubladenfrei.com\/cms\/wp-content\/uploads\/2023\/06\/Literaturzelt_SA_FM-Anthologie-4-1.jpg 2000w\" sizes=\"(max-width: 1024px) 100vw, 1024px\" \/><\/a><figcaption>FM-Anthologie-Lesung<\/figcaption><\/figure>\n\n\n\n<p>Da hernach gleich wieder CHRISTIAN VON ASTER las, diesmal aus seinen \u201eTroll!\u201c Geschichten, gab es erst einmal keinen Grund, das Zelt zu verlassen und so hatte ich auch bis zum fr\u00fchen Abend an diesem zweiten Tag herzlich wenig vom musikalischen Geschehen mitbekommen.<\/p>\n\n\n\n<p>Das \u00e4nderte sich erst mit LQR. Ich muss gestehen, dass ich sehr lange gebraucht hatte, um die Bedeutung des K\u00fcrzels und damit den Bandnamen zu verstehen. Und dieser Name war Programm, denn w\u00e4hrend des Auftritts war der S\u00e4nger zwischenzeitlich im Publikum unterwegs und goss jedem, der Willens war, Whisky in die durstige Kehle. Nicht, dass es die Niederl\u00e4nder n\u00f6tig gehabt h\u00e4tten, mit ihrem punkigen Folkrock sorgten sie auch so f\u00fcr geh\u00f6rig Bewegung vor der Burgb\u00fchne. Der ein oder andere war aber sicher dankbar f\u00fcr den w\u00e4rmenden Schluck bei dem immer noch schmuddeligen Selber Wetter.<\/p>\n\n\n\n<p>Es folgten die f\u00fcr mich beiden positivsten \u00dcberraschungen des Wochenendes. Auf der Schlossb\u00fchne waren CORVUS CORAX angek\u00fcndigt. Man k\u00f6nnte meinen, man h\u00e4tte die Band oft genug gesehen, aber was die Berliner an diesem Abend auf der Schlossb\u00fchne im wahrsten Sinne des Wortes abfackelten, lie\u00df mir die Kinnlade nachhaltig nach unten klappen. F\u00fcr ihre \u201eEra Metallum\u201c Show hatte sich die Band jede Menge Unterst\u00fctzung geholt: Neben zus\u00e4tzlichen Musikern und G\u00e4sten wie der isl\u00e4ndischen Operns\u00e4ngerin ARNDIS HALLA sorgten jede Menge Wikinger, eine Erz\u00e4hlerin, die Airial-Silk-Artistin SIMONE HEITINGA, die gruseligen Masken der SCHATTENWELT S\u00dcDHARZ und eine grandiose Feuershow von PYROSTYX daf\u00fcr, dass dieses Konzert zu einem der denkw\u00fcrdigsten in der Mediaval-Historie werden sollte. Richtig gro\u00dfes Kino! Und als w\u00e4re es nicht schon genug, hatte S\u00e4nger CASTUS RABENSANG an diesem Tag auch noch Geburtstag und wurde am Ende der Show vom Mediaval-Team auf der B\u00fchne mit einer eigens gebackenen Torte \u00fcberrascht.\u00a0<\/p>\n\n\n\n<figure class=\"wp-block-image size-large\"><a href=\"http:\/\/www.schubladenfrei.com\/cms\/wp-content\/uploads\/2023\/06\/DSC_0502-2.jpg\"><img loading=\"lazy\" width=\"1024\" height=\"680\" src=\"http:\/\/www.schubladenfrei.com\/cms\/wp-content\/uploads\/2023\/06\/DSC_0502-2-1024x680.jpg\" alt=\"\" class=\"wp-image-9814\" srcset=\"https:\/\/www.schubladenfrei.com\/cms\/wp-content\/uploads\/2023\/06\/DSC_0502-2-1024x680.jpg 1024w, https:\/\/www.schubladenfrei.com\/cms\/wp-content\/uploads\/2023\/06\/DSC_0502-2-300x199.jpg 300w, https:\/\/www.schubladenfrei.com\/cms\/wp-content\/uploads\/2023\/06\/DSC_0502-2-768x510.jpg 768w, https:\/\/www.schubladenfrei.com\/cms\/wp-content\/uploads\/2023\/06\/DSC_0502-2-1536x1021.jpg 1536w, https:\/\/www.schubladenfrei.com\/cms\/wp-content\/uploads\/2023\/06\/DSC_0502-2.jpg 2000w\" sizes=\"(max-width: 1024px) 100vw, 1024px\" \/><\/a><figcaption>Corvus Corax<\/figcaption><\/figure>\n\n\n\n<p><\/p>\n\n\n\n<p>Noch \u00fcberraschender, weil mir bis dahin unbekannt, war f\u00fcr mich dann die franz\u00f6sische Band CELKILT.\u00a0 Der keltische Folkrock des Quintetts und vor allem die flummi-artige Energie der Musiker*innen auf der B\u00fchne sprang sofort \u00fcber und die Stimmung vor der Burgb\u00fchne kochte innerhalb k\u00fcrzester Zeit. Bands wie FLOGGING MOLLY oder DROPKICK MURPHYS sollten sich definitiv warm anziehen \u2013 die Franzosen sind wirklich absolut gro\u00dfartig und waren f\u00fcr mich der musikalische H\u00f6hepunkt des Tages!\u00a0\u00a0<\/p>\n\n\n\n<figure class=\"wp-block-image size-large\"><a href=\"http:\/\/www.schubladenfrei.com\/cms\/wp-content\/uploads\/2023\/06\/DSC_0683-2.jpg\"><img loading=\"lazy\" width=\"1024\" height=\"680\" src=\"http:\/\/www.schubladenfrei.com\/cms\/wp-content\/uploads\/2023\/06\/DSC_0683-2-1024x680.jpg\" alt=\"\" class=\"wp-image-9815\" srcset=\"https:\/\/www.schubladenfrei.com\/cms\/wp-content\/uploads\/2023\/06\/DSC_0683-2-1024x680.jpg 1024w, https:\/\/www.schubladenfrei.com\/cms\/wp-content\/uploads\/2023\/06\/DSC_0683-2-300x199.jpg 300w, https:\/\/www.schubladenfrei.com\/cms\/wp-content\/uploads\/2023\/06\/DSC_0683-2-768x510.jpg 768w, https:\/\/www.schubladenfrei.com\/cms\/wp-content\/uploads\/2023\/06\/DSC_0683-2-1536x1021.jpg 1536w, https:\/\/www.schubladenfrei.com\/cms\/wp-content\/uploads\/2023\/06\/DSC_0683-2.jpg 2000w\" sizes=\"(max-width: 1024px) 100vw, 1024px\" \/><\/a><figcaption>Celkilt<\/figcaption><\/figure>\n\n\n\n<p>Die anschlie\u00dfende Show von ALESTORM, des eigentlichen Tages-Headliners, war dann nicht so wirklich meines. F\u00fcr den Piraten-Metal im Baywatch-Outfit und mit \u00fcberdimensional aufgeblasener Gummiente auf der B\u00fchne war mein innerer Met-Pegel an diesem Abend wohl nicht hoch genug. Die Menge vor der Schlossb\u00fchne schien aber ihren Spa\u00df zu haben.<\/p>\n\n\n\n<p>Den stimmungsvollen Abschluss des Samstags bildete dann das Konzert der sibirischen Band NYTT LAND, die in der minimalistischen Duo-besetzung angereist war. Mit ihrer Mischung aus Trommeln, Elektronik und dem wandlungsf\u00e4higen Gesang von S\u00e4ngerin Natalya Pakhalenko versetzen sie die Anwesenden zu n\u00e4chtlicher Stunde in einen d\u00fcsteren russischen M\u00e4rchenwald.<\/p>\n\n\n\n<figure class=\"wp-block-image size-large\"><a href=\"http:\/\/www.schubladenfrei.com\/cms\/wp-content\/uploads\/2023\/06\/NyttLand-11.jpg\"><img loading=\"lazy\" width=\"1024\" height=\"680\" src=\"http:\/\/www.schubladenfrei.com\/cms\/wp-content\/uploads\/2023\/06\/NyttLand-11-1024x680.jpg\" alt=\"\" class=\"wp-image-9816\" srcset=\"https:\/\/www.schubladenfrei.com\/cms\/wp-content\/uploads\/2023\/06\/NyttLand-11-1024x680.jpg 1024w, https:\/\/www.schubladenfrei.com\/cms\/wp-content\/uploads\/2023\/06\/NyttLand-11-300x199.jpg 300w, https:\/\/www.schubladenfrei.com\/cms\/wp-content\/uploads\/2023\/06\/NyttLand-11-768x510.jpg 768w, https:\/\/www.schubladenfrei.com\/cms\/wp-content\/uploads\/2023\/06\/NyttLand-11-1536x1021.jpg 1536w, https:\/\/www.schubladenfrei.com\/cms\/wp-content\/uploads\/2023\/06\/NyttLand-11.jpg 2000w\" sizes=\"(max-width: 1024px) 100vw, 1024px\" \/><\/a><figcaption>Nytt Land<\/figcaption><\/figure>\n\n\n\n<p><strong>Sonntag<\/strong><\/p>\n\n\n\n<p>Der Sonntag begann, wie sollte es anders sein, f\u00fcr mich wieder im Literaturzelt, denn dort hie\u00df es \u201eund t\u00e4glich gr\u00fc\u00dft TOMMY KRAPPWEIS\u201c. Nach der Session am Freitag und der Teilnahme an der Anthologie-Lesung am Samstag erz\u00e4hlte er nun \u00fcber beziehungsweise las aus seiner \u201eGhostsitter\u201c-Reihe. Wie bei seinen Auftritten \u00fcblich, platzte das Zelt schon zum Tagesauftakt fast vor Zuschauer*innen.<\/p>\n\n\n\n<figure class=\"wp-block-image size-large\"><a href=\"http:\/\/www.schubladenfrei.com\/cms\/wp-content\/uploads\/2023\/06\/DSC_0394-2.jpg\"><img loading=\"lazy\" width=\"1024\" height=\"681\" src=\"http:\/\/www.schubladenfrei.com\/cms\/wp-content\/uploads\/2023\/06\/DSC_0394-2-1024x681.jpg\" alt=\"\" class=\"wp-image-9817\" srcset=\"https:\/\/www.schubladenfrei.com\/cms\/wp-content\/uploads\/2023\/06\/DSC_0394-2-1024x681.jpg 1024w, https:\/\/www.schubladenfrei.com\/cms\/wp-content\/uploads\/2023\/06\/DSC_0394-2-300x199.jpg 300w, https:\/\/www.schubladenfrei.com\/cms\/wp-content\/uploads\/2023\/06\/DSC_0394-2-768x511.jpg 768w, https:\/\/www.schubladenfrei.com\/cms\/wp-content\/uploads\/2023\/06\/DSC_0394-2-1536x1021.jpg 1536w, https:\/\/www.schubladenfrei.com\/cms\/wp-content\/uploads\/2023\/06\/DSC_0394-2.jpg 1999w\" sizes=\"(max-width: 1024px) 100vw, 1024px\" \/><\/a><figcaption>Tempus<\/figcaption><\/figure>\n\n\n\n<p>Am letzten Tag hatte ich mir vorgenommen, die Welt au\u00dferhalb des Literaturzelts nicht erst wieder am Abend wahrzunehmen, und so kam ich zu einer weiteren sch\u00f6nen Neuentdeckung: TEMPUS aus Tschechien spielten am Nachmittag auf der Schlossb\u00fchne Fantasy-Mittelalterfolk in bester BLACKMORE\u2019S NIGHT Manier und verzauberten das Publikum mit ihrem sympathischen Auftritt. Obwohl ich gerne mehr davon geh\u00f6rt h\u00e4tte, war das Verweilen nur kurz, denn ich wollte p\u00fcnktlich zum Auftritt von COPPELIUS kommen, die als n\u00e4chster Act unten auf der Burgb\u00fchne angek\u00fcndigt waren. Es ist immer ein Ereignis, wenn sich diese Herren die Ehre geben und auch an diesem Tag bewiesen sie ihre Qualit\u00e4ten als gro\u00dfartige Liveband. Dass Butler Bastille zuf\u00e4llig noch Geburtstag hatte, war der Stimmung nat\u00fcrlich auch nicht abtr\u00e4glich.<\/p>\n\n\n\n<figure class=\"wp-block-image size-large\"><a href=\"http:\/\/www.schubladenfrei.com\/cms\/wp-content\/uploads\/2023\/06\/DSC_0837-2.jpg\"><img loading=\"lazy\" width=\"1024\" height=\"681\" src=\"http:\/\/www.schubladenfrei.com\/cms\/wp-content\/uploads\/2023\/06\/DSC_0837-2-1024x681.jpg\" alt=\"\" class=\"wp-image-9818\" srcset=\"https:\/\/www.schubladenfrei.com\/cms\/wp-content\/uploads\/2023\/06\/DSC_0837-2-1024x681.jpg 1024w, https:\/\/www.schubladenfrei.com\/cms\/wp-content\/uploads\/2023\/06\/DSC_0837-2-300x199.jpg 300w, https:\/\/www.schubladenfrei.com\/cms\/wp-content\/uploads\/2023\/06\/DSC_0837-2-768x511.jpg 768w, https:\/\/www.schubladenfrei.com\/cms\/wp-content\/uploads\/2023\/06\/DSC_0837-2-1536x1021.jpg 1536w, https:\/\/www.schubladenfrei.com\/cms\/wp-content\/uploads\/2023\/06\/DSC_0837-2.jpg 1999w\" sizes=\"(max-width: 1024px) 100vw, 1024px\" \/><\/a><figcaption>Coppelius<\/figcaption><\/figure>\n\n\n\n<p>Leider musste ich die Klarinetten-Core-Party auch wieder vorzeitig verlassen, denn, nat\u00fcrlich, es rief einmal das Literaturzelt. ANDREA BANNERT, die man sowohl als Wissenschaftsjournalistin wie als Musikerin bei TIBETR\u00c9A kennt, las und sang aus dem dritten Band ihres Unterwasser-Fantasy-Epos \u201eCly\u00e1tomon\u201c. Durch die Musikteile und die permanente Musik- und Ger\u00e4uschuntermalung der Leseteile durch Mitmusikerin Betty Baindl geriet das ganze zu einem atmosph\u00e4rischen H\u00f6rspiel, das die Zuh\u00f6rer bis zum Ende in seinen Bann zog. \u00a0<\/p>\n\n\n\n<figure class=\"wp-block-image size-large\"><a href=\"http:\/\/www.schubladenfrei.com\/cms\/wp-content\/uploads\/2023\/06\/Literaturzelt_SO_ABannert_Clyatomon-4.jpg\"><img loading=\"lazy\" width=\"1024\" height=\"680\" src=\"http:\/\/www.schubladenfrei.com\/cms\/wp-content\/uploads\/2023\/06\/Literaturzelt_SO_ABannert_Clyatomon-4-1024x680.jpg\" alt=\"\" class=\"wp-image-9819\" srcset=\"https:\/\/www.schubladenfrei.com\/cms\/wp-content\/uploads\/2023\/06\/Literaturzelt_SO_ABannert_Clyatomon-4-1024x680.jpg 1024w, https:\/\/www.schubladenfrei.com\/cms\/wp-content\/uploads\/2023\/06\/Literaturzelt_SO_ABannert_Clyatomon-4-300x199.jpg 300w, https:\/\/www.schubladenfrei.com\/cms\/wp-content\/uploads\/2023\/06\/Literaturzelt_SO_ABannert_Clyatomon-4-768x510.jpg 768w, https:\/\/www.schubladenfrei.com\/cms\/wp-content\/uploads\/2023\/06\/Literaturzelt_SO_ABannert_Clyatomon-4-1536x1021.jpg 1536w, https:\/\/www.schubladenfrei.com\/cms\/wp-content\/uploads\/2023\/06\/Literaturzelt_SO_ABannert_Clyatomon-4.jpg 2000w\" sizes=\"(max-width: 1024px) 100vw, 1024px\" \/><\/a><figcaption>Andrea Bannert<\/figcaption><\/figure>\n\n\n\n<p>Ein kurzer aber n\u00f6tiger Ausflug auf die Fressmeile des Marktes lie\u00df mich die vorletzte Lesung im Zelt dann leider verpassen, f\u00fcr den Abschluss des literarischen Wochenendes war ich dann aber rechtzeitig zur\u00fcck, denn abermals hatte TOMMY KRAPPWEIS am Lesetisch Platz genommen und las erstmals aus dem Nachfolgeband zu seiner \u201eMara\u201c-Trilogie. Mit der filmischen Umsetzung des ersten Teils dieser Trilogie war TOMMY ja bekanntlich 2015 zum ersten Mal zu Gast auf dem Festival und z\u00e4hlt seither zu den immer wieder gern gesehenen K\u00fcnstlern auf dem Goldberg. Kein Wunder also, dass das Literaturzelt noch einmal bis zum Bersten gef\u00fcllt war. Die Passage, die TOMMY aus \u201eMara und die Wolfskrieger\u201c vorlas, enthielt dann einerseits bereits einen veritablen Spoiler, andererseits schraubte er damit die Spannung auf die ganze Geschichte nat\u00fcrlich geh\u00f6rig in die H\u00f6he. Man kann nur hoffen, dass der Tausendsassa bei all seinen anderen Projekten m\u00f6glichst bald die Zeit finden wird, die B\u00fccher \u2013 es wird sich n\u00e4mlich wieder um eine Trilogie handeln \u2013 fertigzuschreiben.<\/p>\n\n\n\n<figure class=\"wp-block-image size-large\"><a href=\"http:\/\/www.schubladenfrei.com\/cms\/wp-content\/uploads\/2023\/06\/Literaturzelt_SO_TKrappweis_Ghostsitter-4.jpg\"><img loading=\"lazy\" width=\"1024\" height=\"681\" src=\"http:\/\/www.schubladenfrei.com\/cms\/wp-content\/uploads\/2023\/06\/Literaturzelt_SO_TKrappweis_Ghostsitter-4-1024x681.jpg\" alt=\"\" class=\"wp-image-9820\" srcset=\"https:\/\/www.schubladenfrei.com\/cms\/wp-content\/uploads\/2023\/06\/Literaturzelt_SO_TKrappweis_Ghostsitter-4-1024x681.jpg 1024w, https:\/\/www.schubladenfrei.com\/cms\/wp-content\/uploads\/2023\/06\/Literaturzelt_SO_TKrappweis_Ghostsitter-4-300x200.jpg 300w, https:\/\/www.schubladenfrei.com\/cms\/wp-content\/uploads\/2023\/06\/Literaturzelt_SO_TKrappweis_Ghostsitter-4-768x511.jpg 768w, https:\/\/www.schubladenfrei.com\/cms\/wp-content\/uploads\/2023\/06\/Literaturzelt_SO_TKrappweis_Ghostsitter-4-1536x1021.jpg 1536w, https:\/\/www.schubladenfrei.com\/cms\/wp-content\/uploads\/2023\/06\/Literaturzelt_SO_TKrappweis_Ghostsitter-4.jpg 2000w\" sizes=\"(max-width: 1024px) 100vw, 1024px\" \/><\/a><figcaption>Tommy Krappweis<\/figcaption><\/figure>\n\n\n\n<p>Das Literaturzelt hatte nun also fertig, und so lenkte ich meine Schritte zu SKILTRON, dem letzten Programmpunkt auf der Burgb\u00fchne f\u00fcr dieses Jahr. Die urspr\u00fcnglich aus Argentinien stammende aber seit einiger Zeit in Europa ans\u00e4ssige Band bot eine gut gelaunte Powermetal-Show mit Dudelsack, von der sich manch andere Band dieses Genres eine dicke Scheibe abschneiden k\u00f6nnte. Beim Song &#8222;The Rabbit Who Wanted To Be A Wolf&#8220; bekamen SKILTRON dann auch noch Unterst\u00fctzung von KORPIKLAANI-Frontmann Jonne, der anschlie\u00dfend mit seinen Jungs auf der Schlossb\u00fchne das Festivalwochenende zu einem fulminanten Abschluss bringen sollte.<\/p>\n\n\n\n<figure class=\"wp-block-image size-large\"><a href=\"http:\/\/www.schubladenfrei.com\/cms\/wp-content\/uploads\/2023\/06\/DSC_0662-2.jpg\"><img loading=\"lazy\" width=\"1024\" height=\"576\" src=\"http:\/\/www.schubladenfrei.com\/cms\/wp-content\/uploads\/2023\/06\/DSC_0662-2-1024x576.jpg\" alt=\"\" class=\"wp-image-9821\" srcset=\"https:\/\/www.schubladenfrei.com\/cms\/wp-content\/uploads\/2023\/06\/DSC_0662-2-1024x576.jpg 1024w, https:\/\/www.schubladenfrei.com\/cms\/wp-content\/uploads\/2023\/06\/DSC_0662-2-300x169.jpg 300w, https:\/\/www.schubladenfrei.com\/cms\/wp-content\/uploads\/2023\/06\/DSC_0662-2-768x432.jpg 768w, https:\/\/www.schubladenfrei.com\/cms\/wp-content\/uploads\/2023\/06\/DSC_0662-2-1536x864.jpg 1536w, https:\/\/www.schubladenfrei.com\/cms\/wp-content\/uploads\/2023\/06\/DSC_0662-2.jpg 1999w\" sizes=\"(max-width: 1024px) 100vw, 1024px\" \/><\/a><figcaption>Skiltron<\/figcaption><\/figure>\n\n\n\n<p>Von dem Auftritt der Finnen habe ich dann allerdings gar nicht mehr so viel mitbekommen, au\u00dfer der auch von weitem merkbaren gro\u00dfartigen Stimmung im Publikum, denn so langsam neigten sich meine Energiezellen dem Ende und ich beschloss, den Rest des Abends gem\u00fctlich mit Freunden und Kollegen ausklingen zu lassen.\u00a0<\/p>\n\n\n\n<figure class=\"wp-block-image size-large\"><a href=\"http:\/\/www.schubladenfrei.com\/cms\/wp-content\/uploads\/2023\/06\/DSC_0869-2.jpg\"><img loading=\"lazy\" width=\"1024\" height=\"681\" src=\"http:\/\/www.schubladenfrei.com\/cms\/wp-content\/uploads\/2023\/06\/DSC_0869-2-1024x681.jpg\" alt=\"\" class=\"wp-image-9823\" srcset=\"https:\/\/www.schubladenfrei.com\/cms\/wp-content\/uploads\/2023\/06\/DSC_0869-2-1024x681.jpg 1024w, https:\/\/www.schubladenfrei.com\/cms\/wp-content\/uploads\/2023\/06\/DSC_0869-2-300x199.jpg 300w, https:\/\/www.schubladenfrei.com\/cms\/wp-content\/uploads\/2023\/06\/DSC_0869-2-768x511.jpg 768w, https:\/\/www.schubladenfrei.com\/cms\/wp-content\/uploads\/2023\/06\/DSC_0869-2-1536x1021.jpg 1536w, https:\/\/www.schubladenfrei.com\/cms\/wp-content\/uploads\/2023\/06\/DSC_0869-2.jpg 1999w\" sizes=\"(max-width: 1024px) 100vw, 1024px\" \/><\/a><figcaption>Korpiklaani<\/figcaption><\/figure>\n\n\n\n<p>Und damit kommen wir eigentlich zum wichtigsten Punkt. Dem, was sich wie eingangs erw\u00e4hnt so schwer in Worte fassen l\u00e4sst: Die besondere Stimmung, das Miteinander, das Gef\u00fchl des gro\u00dfen Familientreffens, das das Mediaval jedes Mal aufs Neue vermittelt. Wobei das Bild von der \u201eFamilie\u201c heutzutage ja recht inflation\u00e4r verwendet wird \u2013 kaum ein Unternehmen, das es nicht in irgendeiner Weise f\u00fcr die eigene Firmenkultur in Anspruch n\u00e4hme. Im Falle dieses Festivals stimmt es allerdings zu 100%. Bed\u00fcrfte es daf\u00fcr eines Beweises, so wurde der in diesem Jahr eindeutig erbracht. Am Samstagvormittag machte n\u00e4mlich eine Hiobsbotschaft die Runde: Ausgerechnet die freiwilligen ehrenamtlichen Helfer*innen waren in der Nacht auf dem Campingplatz von professionellen Dieben heimgesucht worden, die Geld und Wertsachen aus den Zelten entwendeten. Anstatt nur Bedauern und Mitgef\u00fchl auszudr\u00fccken, wurde von einigen findigen Menschen eine Spendenbox organisiert, und die Nachricht dar\u00fcber unter K\u00fcnstler*innen, H\u00e4ndler*innen, Pressevertreter*innen und nat\u00fcrlich dem Publikum verbreitet. Am Abend des gleichen Tages bedankten sich dann die bestohlenen Helfer*innen auf der Schlossb\u00fchne unter Tr\u00e4nen f\u00fcr diese Solidarit\u00e4t, denn es war nicht nur genug zusammengekommen, um allen Bestohlenen den Verlust vollst\u00e4ndig zu ersetzen, sondern noch viel, viel mehr. Das \u00fcbersch\u00fcssige Geld soll von den Organisatoren nun f\u00fcr die Anschaffung notwendiger Ausstattung verwendet werden, die im kommenden Jahr wiederum den Helfer*innen zu Gute kommen wird. Was soll man da noch anderes sagen als\u2026<\/p>\n\n\n\n<p>\u2026Festival Mediaval forever!<\/p>\n\n\n\n<figure class=\"wp-block-image size-large\"><a href=\"http:\/\/www.schubladenfrei.com\/cms\/wp-content\/uploads\/2023\/06\/DSC_0812-2.jpg\"><img loading=\"lazy\" width=\"1024\" height=\"576\" src=\"http:\/\/www.schubladenfrei.com\/cms\/wp-content\/uploads\/2023\/06\/DSC_0812-2-1024x576.jpg\" alt=\"\" class=\"wp-image-9824\" srcset=\"https:\/\/www.schubladenfrei.com\/cms\/wp-content\/uploads\/2023\/06\/DSC_0812-2-1024x576.jpg 1024w, https:\/\/www.schubladenfrei.com\/cms\/wp-content\/uploads\/2023\/06\/DSC_0812-2-300x169.jpg 300w, https:\/\/www.schubladenfrei.com\/cms\/wp-content\/uploads\/2023\/06\/DSC_0812-2-768x432.jpg 768w, https:\/\/www.schubladenfrei.com\/cms\/wp-content\/uploads\/2023\/06\/DSC_0812-2-1536x864.jpg 1536w, https:\/\/www.schubladenfrei.com\/cms\/wp-content\/uploads\/2023\/06\/DSC_0812-2.jpg 1999w\" sizes=\"(max-width: 1024px) 100vw, 1024px\" \/><\/a><\/figure>\n","protected":false},"excerpt":{"rendered":"<p>Endlich wieder Mediaval! Nach zwei pandemiebedingten, kleineren Veranstaltungen auf dem Goldberg gab es im September dieses Jahres endlich wieder die gro\u00dfe Ausgabe des Festivals.<\/p>\n","protected":false},"author":10,"featured_media":0,"comment_status":"open","ping_status":"open","sticky":false,"template":"","format":"standard","meta":[],"categories":[145,138],"tags":[159,263,201],"_links":{"self":[{"href":"https:\/\/www.schubladenfrei.com\/cms\/wp-json\/wp\/v2\/posts\/9805"}],"collection":[{"href":"https:\/\/www.schubladenfrei.com\/cms\/wp-json\/wp\/v2\/posts"}],"about":[{"href":"https:\/\/www.schubladenfrei.com\/cms\/wp-json\/wp\/v2\/types\/post"}],"author":[{"embeddable":true,"href":"https:\/\/www.schubladenfrei.com\/cms\/wp-json\/wp\/v2\/users\/10"}],"replies":[{"embeddable":true,"href":"https:\/\/www.schubladenfrei.com\/cms\/wp-json\/wp\/v2\/comments?post=9805"}],"version-history":[{"count":1,"href":"https:\/\/www.schubladenfrei.com\/cms\/wp-json\/wp\/v2\/posts\/9805\/revisions"}],"predecessor-version":[{"id":9825,"href":"https:\/\/www.schubladenfrei.com\/cms\/wp-json\/wp\/v2\/posts\/9805\/revisions\/9825"}],"wp:attachment":[{"href":"https:\/\/www.schubladenfrei.com\/cms\/wp-json\/wp\/v2\/media?parent=9805"}],"wp:term":[{"taxonomy":"category","embeddable":true,"href":"https:\/\/www.schubladenfrei.com\/cms\/wp-json\/wp\/v2\/categories?post=9805"},{"taxonomy":"post_tag","embeddable":true,"href":"https:\/\/www.schubladenfrei.com\/cms\/wp-json\/wp\/v2\/tags?post=9805"}],"curies":[{"name":"wp","href":"https:\/\/api.w.org\/{rel}","templated":true}]}}