{"id":9798,"date":"2023-03-25T10:28:00","date_gmt":"2023-03-25T09:28:00","guid":{"rendered":"http:\/\/www.schubladenfrei.com\/cms\/?p=9798"},"modified":"2023-06-04T00:34:31","modified_gmt":"2023-06-03T22:34:31","slug":"festival-mediaval-dorf-der-begegnung","status":"publish","type":"post","link":"https:\/\/www.schubladenfrei.com\/cms\/aktuelles\/festival-mediaval-dorf-der-begegnung\/","title":{"rendered":"Festival Mediaval: Dorf der Begegnung"},"content":{"rendered":"\n<figure class=\"wp-block-image size-large\"><a href=\"http:\/\/www.schubladenfrei.com\/cms\/wp-content\/uploads\/2023\/06\/fm-logo-blau-scaled.jpg\"><img loading=\"lazy\" width=\"1024\" height=\"307\" src=\"http:\/\/www.schubladenfrei.com\/cms\/wp-content\/uploads\/2023\/06\/fm-logo-blau-1024x307.jpg\" alt=\"\" class=\"wp-image-9783\" srcset=\"https:\/\/www.schubladenfrei.com\/cms\/wp-content\/uploads\/2023\/06\/fm-logo-blau-1024x307.jpg 1024w, https:\/\/www.schubladenfrei.com\/cms\/wp-content\/uploads\/2023\/06\/fm-logo-blau-300x90.jpg 300w, https:\/\/www.schubladenfrei.com\/cms\/wp-content\/uploads\/2023\/06\/fm-logo-blau-768x230.jpg 768w, https:\/\/www.schubladenfrei.com\/cms\/wp-content\/uploads\/2023\/06\/fm-logo-blau-1536x461.jpg 1536w, https:\/\/www.schubladenfrei.com\/cms\/wp-content\/uploads\/2023\/06\/fm-logo-blau-2048x614.jpg 2048w\" sizes=\"(max-width: 1024px) 100vw, 1024px\" \/><\/a><\/figure>\n\n\n\n<!--more-->\n\n\n\n<p>Dieses Jahr wird es auf dem Festival-Mediaval in Selb wieder eine Begegnungsst\u00e4tte f\u00fcr Religionen geben, diesmal als &#8222;Dorf der Begegnung&#8220; mit einzelnen kleinen Zelten f\u00fcr jede Gemeinschaft.<br>Vertreten werden sein: evangelische Kirche, katholische Kirche, Heiden, evangelische Freikirche und Muslime.<\/p>\n\n\n\n<p><br>Alle Gruppen bieten auch Aktionen wie muslimische Gebete, \u00f6kumenischer Gottesdienste oder Trommelkreise an.<\/p>\n\n\n\n<p><br>Gemeinsame Gespr\u00e4chsrunden laden zum Austausch ein.<\/p>\n","protected":false},"excerpt":{"rendered":"","protected":false},"author":10,"featured_media":0,"comment_status":"open","ping_status":"open","sticky":false,"template":"","format":"standard","meta":[],"categories":[4],"tags":[],"_links":{"self":[{"href":"https:\/\/www.schubladenfrei.com\/cms\/wp-json\/wp\/v2\/posts\/9798"}],"collection":[{"href":"https:\/\/www.schubladenfrei.com\/cms\/wp-json\/wp\/v2\/posts"}],"about":[{"href":"https:\/\/www.schubladenfrei.com\/cms\/wp-json\/wp\/v2\/types\/post"}],"author":[{"embeddable":true,"href":"https:\/\/www.schubladenfrei.com\/cms\/wp-json\/wp\/v2\/users\/10"}],"replies":[{"embeddable":true,"href":"https:\/\/www.schubladenfrei.com\/cms\/wp-json\/wp\/v2\/comments?post=9798"}],"version-history":[{"count":1,"href":"https:\/\/www.schubladenfrei.com\/cms\/wp-json\/wp\/v2\/posts\/9798\/revisions"}],"predecessor-version":[{"id":9799,"href":"https:\/\/www.schubladenfrei.com\/cms\/wp-json\/wp\/v2\/posts\/9798\/revisions\/9799"}],"wp:attachment":[{"href":"https:\/\/www.schubladenfrei.com\/cms\/wp-json\/wp\/v2\/media?parent=9798"}],"wp:term":[{"taxonomy":"category","embeddable":true,"href":"https:\/\/www.schubladenfrei.com\/cms\/wp-json\/wp\/v2\/categories?post=9798"},{"taxonomy":"post_tag","embeddable":true,"href":"https:\/\/www.schubladenfrei.com\/cms\/wp-json\/wp\/v2\/tags?post=9798"}],"curies":[{"name":"wp","href":"https:\/\/api.w.org\/{rel}","templated":true}]}}