{"id":9781,"date":"2022-11-17T17:05:00","date_gmt":"2022-11-17T16:05:00","guid":{"rendered":"http:\/\/www.schubladenfrei.com\/cms\/?p=9781"},"modified":"2023-06-04T00:15:50","modified_gmt":"2023-06-03T22:15:50","slug":"festival-mediaval-vorverkaufsstart","status":"publish","type":"post","link":"https:\/\/www.schubladenfrei.com\/cms\/aktuelles\/festival-mediaval-vorverkaufsstart\/","title":{"rendered":"Festival Mediaval &#8211; Vorverkaufsstart"},"content":{"rendered":"\n<figure class=\"wp-block-image size-large is-resized\"><a href=\"http:\/\/www.schubladenfrei.com\/cms\/wp-content\/uploads\/2023\/06\/fm-logo-blau-scaled.jpg\"><img loading=\"lazy\" src=\"http:\/\/www.schubladenfrei.com\/cms\/wp-content\/uploads\/2023\/06\/fm-logo-blau-1024x307.jpg\" alt=\"\" class=\"wp-image-9783\" width=\"738\" height=\"220\" srcset=\"https:\/\/www.schubladenfrei.com\/cms\/wp-content\/uploads\/2023\/06\/fm-logo-blau-1024x307.jpg 1024w, https:\/\/www.schubladenfrei.com\/cms\/wp-content\/uploads\/2023\/06\/fm-logo-blau-300x90.jpg 300w, https:\/\/www.schubladenfrei.com\/cms\/wp-content\/uploads\/2023\/06\/fm-logo-blau-768x230.jpg 768w, https:\/\/www.schubladenfrei.com\/cms\/wp-content\/uploads\/2023\/06\/fm-logo-blau-1536x461.jpg 1536w, https:\/\/www.schubladenfrei.com\/cms\/wp-content\/uploads\/2023\/06\/fm-logo-blau-2048x614.jpg 2048w\" sizes=\"(max-width: 738px) 100vw, 738px\" \/><\/a><\/figure>\n\n\n\n<p>der Vorverkauf f\u00fcr das Festival Mediaval 2023 hat begonnen, sowohl f\u00fcr das F-M XIV &#8222;Folk of the World&#8220; (07.-10.09.2023, Selb) als auch f\u00fcr das F-M-CZ II (01.-03.09.2023, A\u0161).<\/p>\n\n\n\n<!--more-->\n\n\n\n<p>Online-Tickets und Camping f\u00fcr F-M XIV gibt es <a href=\"https:\/\/www.etix.com\/ticket\/v\/10162?cobrand=Festival-Mediaval\" target=\"_blank\" rel=\"noreferrer noopener\">hier<\/a>.&nbsp;<\/p>\n\n\n\n<p>Online-Tickets inkl. Camping f\u00fcr F-M-CZ gibt es <a href=\"https:\/\/www.etix.com\/ticket\/v\/12936%20?cobrand=Festival-MediavalCZ\" target=\"_blank\" rel=\"noreferrer noopener\">hier<\/a>.<\/p>\n\n\n\n<p>Hardtickets f\u00fcr beide Festival-Teile (Selb +A\u0161) &nbsp;gibt es im <a href=\"https:\/\/tickets.festival-mediaval.eu\/\" target=\"_blank\" rel=\"noreferrer noopener\">FM-Ticket-Shop<\/a>.<\/p>\n","protected":false},"excerpt":{"rendered":"<p>der Vorverkauf f\u00fcr das Festival Mediaval 2023 hat begonnen, sowohl f\u00fcr das F-M XIV &#8222;Folk of the World&#8220; (07.-10.09.2023, Selb) als auch f\u00fcr das F-M-CZ II (01.-03.09.2023, A\u0161).<\/p>\n","protected":false},"author":10,"featured_media":0,"comment_status":"open","ping_status":"open","sticky":false,"template":"","format":"standard","meta":[],"categories":[4],"tags":[],"_links":{"self":[{"href":"https:\/\/www.schubladenfrei.com\/cms\/wp-json\/wp\/v2\/posts\/9781"}],"collection":[{"href":"https:\/\/www.schubladenfrei.com\/cms\/wp-json\/wp\/v2\/posts"}],"about":[{"href":"https:\/\/www.schubladenfrei.com\/cms\/wp-json\/wp\/v2\/types\/post"}],"author":[{"embeddable":true,"href":"https:\/\/www.schubladenfrei.com\/cms\/wp-json\/wp\/v2\/users\/10"}],"replies":[{"embeddable":true,"href":"https:\/\/www.schubladenfrei.com\/cms\/wp-json\/wp\/v2\/comments?post=9781"}],"version-history":[{"count":4,"href":"https:\/\/www.schubladenfrei.com\/cms\/wp-json\/wp\/v2\/posts\/9781\/revisions"}],"predecessor-version":[{"id":9788,"href":"https:\/\/www.schubladenfrei.com\/cms\/wp-json\/wp\/v2\/posts\/9781\/revisions\/9788"}],"wp:attachment":[{"href":"https:\/\/www.schubladenfrei.com\/cms\/wp-json\/wp\/v2\/media?parent=9781"}],"wp:term":[{"taxonomy":"category","embeddable":true,"href":"https:\/\/www.schubladenfrei.com\/cms\/wp-json\/wp\/v2\/categories?post=9781"},{"taxonomy":"post_tag","embeddable":true,"href":"https:\/\/www.schubladenfrei.com\/cms\/wp-json\/wp\/v2\/tags?post=9781"}],"curies":[{"name":"wp","href":"https:\/\/api.w.org\/{rel}","templated":true}]}}