{"id":8839,"date":"2022-04-07T02:29:51","date_gmt":"2022-04-07T00:29:51","guid":{"rendered":"http:\/\/www.schubladenfrei.com\/cms\/?p=8839"},"modified":"2022-04-07T02:38:21","modified_gmt":"2022-04-07T00:38:21","slug":"nachlese-72-internationale-filmfestspiele-berlin","status":"publish","type":"post","link":"https:\/\/www.schubladenfrei.com\/cms\/aktuelles\/nachlese-72-internationale-filmfestspiele-berlin\/","title":{"rendered":"Nachlese: 72. Internationale Filmfestspiele Berlin"},"content":{"rendered":"<p style=\"text-align: justify;\"><a href=\"http:\/\/www.schubladenfrei.com\/cms\/wp-content\/uploads\/2022\/04\/DSC_0608-2WM.jpg\"><img loading=\"lazy\" class=\"aligncenter size-medium wp-image-8899\" src=\"http:\/\/www.schubladenfrei.com\/cms\/wp-content\/uploads\/2022\/04\/DSC_0608-2WM-300x169.jpg\" alt=\"DSC_0608 (2)WM\" width=\"300\" height=\"169\" srcset=\"https:\/\/www.schubladenfrei.com\/cms\/wp-content\/uploads\/2022\/04\/DSC_0608-2WM-300x169.jpg 300w, https:\/\/www.schubladenfrei.com\/cms\/wp-content\/uploads\/2022\/04\/DSC_0608-2WM-1024x576.jpg 1024w, https:\/\/www.schubladenfrei.com\/cms\/wp-content\/uploads\/2022\/04\/DSC_0608-2WM.jpg 2000w\" sizes=\"(max-width: 300px) 100vw, 300px\" \/><\/a><\/p>\n<p style=\"text-align: justify;\">Soll man mitten in der Omikron-Welle ein Mega-Event als Pr\u00e4senzveranstaltung durchf\u00fchren? Die Organisator*innen der 72. Internationalen Fimfestspiele Berlin haben diese Frage f\u00fcr sich bejaht und ernteten im Vorfeld des Events daf\u00fcr nicht wenig Kritik und Gegenwind. Nun ist die diesj\u00e4hrige Berlinale Geschichte. Wie war es denn nun, das erste \u201eechte\u201c Festival unter Pandemiebedingungen? Ein wie immer subjektiver R\u00fcckblick.<\/p>\n<p style=\"text-align: justify;\"><!--more--><\/p>\n<p style=\"text-align: center;\"><strong>So sicher wie m\u00f6glich<\/strong><\/p>\n<p style=\"text-align: justify;\">Um den Kritiker*innen m\u00f6glichst viel Wind aus den Segeln zu nehmen und nicht zum Superspreading-Event zu werden, war im Vorfeld ein umfangreiches und sehr strenges Sicherheitskonzept entwickelt. Zum Einen wurde der Premieren- und Wettbewerbs-Teil mit dem roten Teppich zeitlich komplett von den reinen Publikums-Vorf\u00fchrungen getrennt, die erst nach dem Wettbewerb und der Preisverleihung starteten. Die Fan Area am roten Teppich konnte man nur mit g\u00fcltigem Impfnachweis betreten und es bestand Maskenpflicht. Zum anderen galten f\u00fcr alle Vorstellungen sehr strikte Regeln: Ein echtes 2G+, mit Testpflicht auch f\u00fcr Geboosterte und jeweils ein Sitz Abstand zwischen allen Personen im Saal, selbst wenn man zusammen gebucht hatte und zum gleichen Haushalt geh\u00f6rte. Nat\u00fcrlich herrschte auch hier durchg\u00e4ngig Maskenpflicht, auch w\u00e4hrend der Vorstellung am Sitzplatz.<\/p>\n<p style=\"text-align: justify;\">Dass trotzdem viele skeptisch blieben, zeigt die Tatsache, dass nicht alle Publikumsvorstellungen sofort ausgebucht waren, und dass trotz nur 50% Auslastung der Kinos\u00e4le. Nat\u00fcrlich waren im Endeffekt dann doch alle Vorstellungen voll, aber dass noch Tage nach Vorverkaufsstart im Radio freie Pl\u00e4tze f\u00fcr einige Filme gemeldet wurden, ist f\u00fcr die Berlinale recht ungew\u00f6hnlich.<\/p>\n<p style=\"text-align: justify;\">Und auch was die VIP-Besucher anging, war die Star-Dichte schon mal h\u00f6her. Vor alle vielem US-amerikanische Hollywoodgr\u00f6\u00dfen gl\u00e4nzten \u2013 pandemiebedingt \u2013 in diesem Jahr mit Abwesenheit. Um so sch\u00f6ner, dass es sich zumindest viele Stars aus den europ\u00e4ischen Nachbarl\u00e4ndern nicht nehmen lie\u00dfen und der 72. Berlinale den n\u00f6tigen Glamour verliehen.<\/p>\n<p style=\"text-align: justify;\"><strong>\u00a0<\/strong><\/p>\n<p style=\"text-align: center;\"><strong>La Berlinale Fran<\/strong><strong>\u00e7aise?<\/strong><\/p>\n<p style=\"text-align: justify;\">Vor allem aus Frankreich kamen hochkar\u00e4tige G\u00e4ste, wobei besonders die Damen stark vertreten waren: Regisseurin Claire Denis, die mit ihrem Film \u201e<a href=\"https:\/\/www.youtube.com\/watch?v=Okqw5_EVS_Q\" target=\"_blank\">Avec amour et acharnement<\/a>\u201c im Wettbewerb vertreten war, kam zusammen mit Hauptdarstellerin Juliette Binoche, und durfte sich am Ende \u00fcber den silbernen B\u00e4ren f\u00fcr die beste Regie freuen. Ebenfalls im Wettbewerb lief der Film \u201e<a href=\"https:\/\/www.youtube.com\/watch?v=MP52ntAuaOs\" target=\"_blank\">Les passagers de la nuit<\/a>\u201c von Mikha\u00ebl Hers, der mit Charlotte Gainsbourg, Emmanuelle B\u00e9art und Shooting Star No\u00e9e Abita gleich drei starke Frauen des franz\u00f6sischen Kinos auf dem roten Berlinale-Teppich versammelte. Auch Valeria Bruni Tedeschi, Schwester der ehemaligen franz\u00f6sischen First Lady und Hauptdarstellerin des Wettbewerbsfilms \u201e<a href=\"https:\/\/www.youtube.com\/watch?v=Sn1KtkEEWxI\" target=\"_blank\">La Ligne<\/a>\u201c, war zu Gast in der Hauptstadt. Einzig die Preistr\u00e4gerin des goldenen Ehrenb\u00e4ren, Isabelle Huppert, die f\u00fcr ihr Lebenswerk ausgezeichnet wurde, musste ihr Kommen zwei Tage vor der Preisverleihung kurzfristig absagen, da sie positiv auf das Coronavirus getestet worden war. Sie wurde per Videostream aus Paris zugeschaltet.<\/p>\n<p style=\"text-align: justify;\"><a href=\"http:\/\/www.schubladenfrei.com\/cms\/wp-content\/uploads\/2022\/04\/DSC_0498-2WM.jpg\"><img loading=\"lazy\" class=\"aligncenter size-medium wp-image-8854\" src=\"http:\/\/www.schubladenfrei.com\/cms\/wp-content\/uploads\/2022\/04\/DSC_0498-2WM-300x199.jpg\" alt=\"DSC_0498 (2)WM\" width=\"300\" height=\"199\" srcset=\"https:\/\/www.schubladenfrei.com\/cms\/wp-content\/uploads\/2022\/04\/DSC_0498-2WM-300x199.jpg 300w, https:\/\/www.schubladenfrei.com\/cms\/wp-content\/uploads\/2022\/04\/DSC_0498-2WM-1024x680.jpg 1024w, https:\/\/www.schubladenfrei.com\/cms\/wp-content\/uploads\/2022\/04\/DSC_0498-2WM.jpg 2000w\" sizes=\"(max-width: 300px) 100vw, 300px\" \/><\/a><\/p>\n<p style=\"text-align: justify;\">Aber nicht nur auf dem roten Teppich, man muss allgemein sagen: so franz\u00f6sisch war die Berlinale lange nicht mehr! Insgesamt waren unter den 18 Wettbewerbs-Beitr\u00e4gen in diesem Jahr neun franz\u00f6sische Produktionen oder Co-Produktionen \u2013 bemerkenswert! Neben dem bereits erw\u00e4hnten \u201eAvec amour et acharnement\u201c wurde ein weiterer dieser Filme ausgezeichnet und zwar mit einem silbernen B\u00e4ren f\u00fcr die herausragende k\u00fcnstlerische Leistung, der zu gleichen Teilen an Regisseur Rithy Panh und Szenenbildnerin Sarith Mang ging. Die franz\u00f6sisch-kambodschanische Co-Produktion \u201e<a href=\"https:\/\/www.youtube.com\/watch?v=jpEeh8R-Gh8\" target=\"_blank\">Everything will be ok<\/a>\u201c stellt die Frage, ob es wohl besser w\u00e4re, wenn die Tiere die Menschheit unterwerfen und die Herrschaft \u00fcber den Planeten \u00fcbernehmen. Eine dystopische Collage aus abgefilmten, mit viel Liebe zum Detail gestalteten Dioramen und Realfilm-Schnipseln, die von dokumentarischen Szenen bis zu Fritz Langs \u201eMetropolis\u201c reichen. Experimentell, d\u00fcster, verst\u00f6rend und durch die zum Teil sehr drastischen Bilder in jedem Fall nichts f\u00fcr Zartbesaitete.<\/p>\n<p style=\"text-align: justify;\">Erw\u00e4hnenswert ist definitiv auch noch die Dokumentation \u201e<a href=\"https:\/\/www.youtube.com\/watch?v=RwX5XHtLh0E\" target=\"_blank\">Allons Enfants (Rookies)<\/a>\u201c von Thierry Demaizi\u00e8re und Alban Teurlai, die in der Sektion \u201eBerlinale Generations\u201c zu sehen war. Der Film begleitet den Schul-Alltag junger Hiphop-T\u00e4nzer und T\u00e4nzerinnen am Pariser Lyc\u00e9e Turgot und bietet nicht nur spektakul\u00e4re Tanzperformances sondern auch sehr spannende und bewegende Einblicke in die Lebensrealit\u00e4t junger Menschen aus unterschiedlichen Milieus in der franz\u00f6sischen Hauptstadt. Pr\u00e4dikat: Sehr empfehlenswert!<\/p>\n<p style=\"text-align: center;\"><strong>Wer war sonst noch da?<\/strong><\/p>\n<p style=\"text-align: justify;\">Ein weiteres Highlight der diesj\u00e4hrigen Berlinale war mit Sicherheit der Auftritt der britischen Schauspielerin Emma Thompson, die zusammen mit Regisseurin Sophie Hyde den Film \u201eGood luck to you, Leo Grande\u201c vorstellte. Die zweifache Oscar-Gewinnerin setzt mit ihrer Leistung in dem Film ein starkes Zeichen f\u00fcr weibliche sexuelle Selbsterm\u00e4chtigung und ihr beeindruckendes Statement zum Thema \u201eK\u00f6rper-(Selbst-)Bild\u201c aus der <a href=\"https:\/\/www.youtube.com\/watch?v=-GWz-S0w2CQ\" target=\"_blank\">Pressekonferenz<\/a> ist einer der bleibenden Momente der Berlinale 2022.<\/p>\n<p style=\"text-align: justify;\"><a href=\"http:\/\/www.schubladenfrei.com\/cms\/wp-content\/uploads\/2022\/04\/DSC_0348-2WM.jpg\"><img loading=\"lazy\" class=\"aligncenter size-medium wp-image-8845\" src=\"http:\/\/www.schubladenfrei.com\/cms\/wp-content\/uploads\/2022\/04\/DSC_0348-2WM-300x169.jpg\" alt=\"DSC_0348 (2)WM\" width=\"300\" height=\"169\" srcset=\"https:\/\/www.schubladenfrei.com\/cms\/wp-content\/uploads\/2022\/04\/DSC_0348-2WM-300x169.jpg 300w, https:\/\/www.schubladenfrei.com\/cms\/wp-content\/uploads\/2022\/04\/DSC_0348-2WM-1024x575.jpg 1024w, https:\/\/www.schubladenfrei.com\/cms\/wp-content\/uploads\/2022\/04\/DSC_0348-2WM.jpg 2000w\" sizes=\"(max-width: 300px) 100vw, 300px\" \/><\/a><\/p>\n<p style=\"text-align: justify;\">Auch \u201eGame of Thrones\u201c Fans kamen auf ihre Kosten: Der d\u00e4nische Star Nikolaj Coster-Waldau lie\u00df es sich gem\u00e4\u00df dem Motto \u201eThe Lannisters always pay their debts\u201c ebenfalls nicht nehmen, zur Weltpremiere seines neuen Films \u201e<a href=\"https:\/\/www.youtube.com\/watch?v=bEyyKwVORvo\" target=\"_blank\">Against the Ice<\/a>\u201c pers\u00f6nlich zu erscheinen. Das Arktis-Drama um die Suchexpedition nach den d\u00e4nischen verschollenen d\u00e4nischen Forschern Ludvig Mylius-Erichsen und Niels Peter H\u00f8eg-Hagen, die 1908 in Nordost-Gr\u00f6nland verschollen waren, lief allerdings nicht im Wettbewerb, sondern in der Sektion \u201eBerlinale Special\u201c.<\/p>\n<p style=\"text-align: justify;\">Ebenfalls anwesend war die spanische Schaupielerin Laia Costa, die als Hauptdarstellerin des 2015er Publikums-Hits \u201eVictoria\u201c im gleichen Jahr mit dem deutschen Filmpreis ausgezeichnet wurde. Sie stellte ihren neuen Film \u201e<a href=\"https:\/\/www.youtube.com\/watch?v=xBuqdeNtXp4\" target=\"_blank\">Cinco lobitos (Lullaby)<\/a>\u201c vor, ein Familiendrama, das sich besonders mit der Situation junger Eltern, der Vereinbarkeit von Beruf und Familie und dabei besonders der generationen\u00fcbergreifenden Rolle der Frauen als F\u00fcrsorgerinnen auseinandersetzt.<\/p>\n<p style=\"text-align: center;\"><strong>Und das Flair?<\/strong><\/p>\n<p style=\"text-align: justify;\">Ganz wie fr\u00fcher f\u00fchlte es sich zwar (noch) nicht an, doch immerhin, ein wenig des alten Glamours war wieder da. Allerdings versammelten sich im Vergleich zu fr\u00fcheren Jahren vergleichsweise recht wenige Fans am roten Teppich. Ob dies daran lag, dass viele keine Lust hatten, vor Betreten der \u201eFan-Area\u201c den Impfnachweis vorzuzeigen und eine Maske zu tragen, oder ob es doch die Sorge vor der realen Ansteckungsgefahr im dichten Gedr\u00e4nge bei der Schlacht um Autogramme und Selfies war, l\u00e4sst sich nur schwer beantworten. F\u00fcr nicht-akkreditierte Fotografen war die Leere an den Absperrgittern zwar eindeutig ein Segen, hatte man doch so die M\u00f6glichkeit ganz entspannt und ganz ohne Geschubse ein paar sch\u00f6ne Schnappsch\u00fcsse zu erhaschen. F\u00fcr die besondere Stimmung, die sonst beim Defilee der Stars \u00fcber den roten Teppich herrscht, w\u00e4ren ein paar mehr jubelnde Fans aber durchaus nett gewesen.<\/p>\n<p style=\"text-align: justify;\">Was die Berlinale im Vergleich zu den anderen europ\u00e4ischen Hochkar\u00e4ter-Festivals schon immer ausgezeichnet hat, war aber auch in diesem Jahr deutlich zu sp\u00fcren: der eher ruppige Charme des Ganzen, der auch viel mit dem Wesen Berlins zu tun hat. Leider ist mir entfallen, von wem genau das Zitat stammt, aber einer der internationalen (Promi-)G\u00e4ste des Festivals sagte sinngem\u00e4\u00df vor einigen Jahren \u00fcber das Flair des Berlinale-Palasts, dass man in Cannes, wenn man nach der Premiere aus dem Kino komme, auf die Croisette und in Venedig auf den Canale Grande blicke, in Berlin hingegen w\u00e4re es McDonalds. Dem l\u00e4sst sich schwer widersprechen, denn auch wenn der Platz vor dem Berlinale-Palast den gro\u00dfen Namen Marlene Dietrichs tr\u00e4gt, wirklich sch\u00f6n ist er nicht. Noch krasser wird der Gegensatz, wenn man sich die Vorf\u00fchrungen in den Publikumskinos ansieht. So liefen beispielsweise die Publikumsfilme im Steglitzer Titania-Palast \u2013 immerhin eine der altwehrw\u00fcrdigsten Berliner Spielst\u00e4tten \u2013 in diesem Jahr lediglich in einem Saal, parallel zum regul\u00e4ren Kinobetrieb. Bei der Vorstellung am fr\u00fchen Samstagabend hie\u00df dies, dass das Kino noch gef\u00fcllt war mit den jungen Besucher*innen der Kinderfilme im Nachmittagsprogramm, und der gesamte Boden im Foyer bestand aus einem Meer von zertretenem Popcorn, \u00fcber das man sich knirschend zum Festival-Saal vork\u00e4mpfen musste. Dass dann in diesem, wie bei allen Berlinale-Vorstellungen, ein striktes Verzehrverbot galt (warum eigentlich?) wirkte im Hinblick darauf etwas l\u00e4cherlich. \u00a0Noch krasser der Gegensatz beim Cubix am Alexanderplatz. W\u00e4hrend das Premierenpublikum am Berlinale-Palast ja zumindest noch ein wenig Atmosph\u00e4re mit rotem Teppich, Scheinwerferlicht und Blitzlichtgewitter genie\u00dfen konnte (und zumindest beim Reingehen hat man das erw\u00e4hnte Fastfood-Restaurant ja im R\u00fccken und damit au\u00dfer Sicht), stellte sich die Eingangssituation f\u00fcr das gemeine Publikum am Cubix so dar:<\/p>\n<p style=\"text-align: justify;\"><a href=\"http:\/\/www.schubladenfrei.com\/cms\/wp-content\/uploads\/2022\/04\/cubix.jpg\"><img loading=\"lazy\" class=\"aligncenter size-medium wp-image-8862\" src=\"http:\/\/www.schubladenfrei.com\/cms\/wp-content\/uploads\/2022\/04\/cubix-225x300.jpg\" alt=\"cubix\" width=\"225\" height=\"300\" srcset=\"https:\/\/www.schubladenfrei.com\/cms\/wp-content\/uploads\/2022\/04\/cubix-225x300.jpg 225w, https:\/\/www.schubladenfrei.com\/cms\/wp-content\/uploads\/2022\/04\/cubix-768x1024.jpg 768w, https:\/\/www.schubladenfrei.com\/cms\/wp-content\/uploads\/2022\/04\/cubix.jpg 1500w\" sizes=\"(max-width: 225px) 100vw, 225px\" \/><\/a><\/p>\n<p style=\"text-align: justify;\">Recht wenig glamour\u00f6s, aber trotzdem irgendwie passend zur Stadt. Dit is eben Balin, wa?<\/p>\n<p style=\"text-align: center;\"><strong>Zum guten Schluss: Wer hat gewonnen?<\/strong><\/p>\n<p style=\"text-align: justify;\">Was die Entscheidung angeht, das Festival als Pr\u00e4senzveranstaltung durchzuf\u00fchren so kann man dies eindeutig beantworten: Alle! Sowohl Filmschaffende wie auch das Publikum. Das zugegeben gewagte Experiment ist rundherum gelungen und hat damit einmal mehr zwei Dinge gezeigt: Zum einen, dass Kultur auf Dauer nicht ohne Publikumskontakt stattfinden kann. Online-Events m\u00f6gen im \u00e4u\u00dfersten Notfall eine gute M\u00f6glichkeit der \u00dcberbr\u00fcckung darstellen, ein Ersatz f\u00fcr den direkten Austausch zwischen Machern und Besuchern k\u00f6nnen sie jedoch nicht sein. Und zum anderen hat die Berlinale 2022 auch wunderbar bewiesen, dass bei entsprechend strengen Vorsichtsma\u00dfnahmen kulturelle Gro\u00dfveranstaltungen auch unter Pandemiebedingungen m\u00f6glich sind.<\/p>\n<p style=\"text-align: justify;\">Aber apropos Gewinner, Preise gab es ja auch\u2026 Neben den oben bereits erw\u00e4hnten Preistr\u00e4gern m\u00fcssen nat\u00fcrlich noch ein paar andere erw\u00e4hnt werden. Zuallererst auf jeden Fall der von der Jury mit dem goldenen B\u00e4ren pr\u00e4mierte Gewinner-Film \u201e<a href=\"https:\/\/www.youtube.com\/watch?v=32bE7ylLZso\" target=\"_blank\">Alcarr\u00e0s<\/a>\u201c von Regisseurin Carla Sim\u00f3n, der am Beispiel einer katalonischen Familie, deren Pfirsichplantage einer Solaranlage weichen soll, das Verh\u00e4ltnis zwischen Tradition und Moderne beleuchtet und dem Zuschauer damit auf subtile Weise hochaktuelle politische Themen n\u00e4herbringt.<\/p>\n<p style=\"text-align: justify;\">Ausgezeichnet wurde auch die deutsch-t\u00fcrkische Schauspielerin Meltem Kaptan. In dem auf wahren Ereignissen beruhenden Film \u201e<a href=\"https:\/\/www.youtube.com\/watch?v=19wCZ-Bo2JM\" target=\"_blank\">Rabiye Kurnaz gegen George W. Bush<\/a>\u201c von Regisseur Andreas Dresen verk\u00f6rpert Sie die Titelheldin, eine Mutter, deren Sohn in der Nachfolge der Ereignisse vom 11. September 2001 pl\u00f6tzlich des Terrorismus bezichtigt und in das ber\u00fcchtigte Gefangenenlager Guantanamo verfrachtet wird. F\u00fcr Ihre kraftvolle und \u00fcberzeugende Darstellung dieser au\u00dfergew\u00f6hnlichen Frau, die f\u00fcr die Freiheit ihres Sohnes bis vor den US Supreme Court ging, erhielt Kaptan absolut zu Recht den silbernen B\u00e4ren f\u00fcr die beste Hauptdarstellerin. Und damit nicht genug: Auch Laila Stieler, die das Drehbuch zum Film geschrieben hatte, durfte daf\u00fcr einen silbernen B\u00e4ren entgegennehmen.<\/p>\n<p style=\"text-align: justify;\">Der Preis f\u00fcr die beste Nebendarstellerin ging in diesem Jahr an die indonesische Schauspielerin Laura Basuki, f\u00fcr ihre Rolle der Fleischerin Ino im Film \u201e<a href=\"https:\/\/www.youtube.com\/watch?v=cpLHU3lTRkM\" target=\"_blank\">Nana (Before, Now &amp; Then)<\/a>\u201c von Regisseurin Kamila Andini.<\/p>\n<p style=\"text-align: justify;\">Man k\u00f6nnte die Aufz\u00e4hlung jetzt fortsetzen, doch das w\u00fcrde bei der schier endlosen Menge an Preisen, die bei der Berlinale vergeben werden, den Rahmen dieses Artikels definitiv sprengen. Das offizielle 13-seitige (!) PDF mit der Liste aller Preistr\u00e4ger*innen findet Ihr <a href=\"https:\/\/www.berlinale.de\/media\/de\/download\/service\/berlinale-preise-2022.pdf\" target=\"_blank\">hier<\/a>.<\/p>\n<p style=\"text-align: center;\"><strong>Impressionen<\/strong><\/p>\n<div id='gallery-1' class='gallery galleryid-8839 gallery-columns-3 gallery-size-thumbnail'><dl class='gallery-item'>\n\t\t\t<dt class='gallery-icon portrait'>\n\t\t\t\t<a href='https:\/\/www.schubladenfrei.com\/cms\/aktuelles\/nachlese-72-internationale-filmfestspiele-berlin\/attachment\/dsc_0539-2wm\/'><img width=\"150\" height=\"150\" src=\"https:\/\/www.schubladenfrei.com\/cms\/wp-content\/uploads\/2022\/04\/DSC_0539-2WM-150x150.jpg\" class=\"attachment-thumbnail size-thumbnail\" alt=\"\" loading=\"lazy\" \/><\/a>\n\t\t\t<\/dt><\/dl><dl class='gallery-item'>\n\t\t\t<dt class='gallery-icon landscape'>\n\t\t\t\t<a href='https:\/\/www.schubladenfrei.com\/cms\/aktuelles\/nachlese-72-internationale-filmfestspiele-berlin\/attachment\/dsc_0538-2wm\/'><img width=\"150\" height=\"150\" src=\"https:\/\/www.schubladenfrei.com\/cms\/wp-content\/uploads\/2022\/04\/DSC_0538-2WM-150x150.jpg\" class=\"attachment-thumbnail size-thumbnail\" alt=\"\" loading=\"lazy\" \/><\/a>\n\t\t\t<\/dt><\/dl><dl class='gallery-item'>\n\t\t\t<dt class='gallery-icon portrait'>\n\t\t\t\t<a href='https:\/\/www.schubladenfrei.com\/cms\/aktuelles\/nachlese-72-internationale-filmfestspiele-berlin\/attachment\/dsc_0533-2wm\/'><img width=\"150\" height=\"150\" src=\"https:\/\/www.schubladenfrei.com\/cms\/wp-content\/uploads\/2022\/04\/DSC_0533-2WM-150x150.jpg\" class=\"attachment-thumbnail size-thumbnail\" alt=\"\" loading=\"lazy\" \/><\/a>\n\t\t\t<\/dt><\/dl><br style=\"clear: both\" \/><dl class='gallery-item'>\n\t\t\t<dt class='gallery-icon landscape'>\n\t\t\t\t<a href='https:\/\/www.schubladenfrei.com\/cms\/aktuelles\/nachlese-72-internationale-filmfestspiele-berlin\/attachment\/dsc_0513-2wm\/'><img width=\"150\" height=\"150\" src=\"https:\/\/www.schubladenfrei.com\/cms\/wp-content\/uploads\/2022\/04\/DSC_0513-2WM-150x150.jpg\" class=\"attachment-thumbnail size-thumbnail\" alt=\"\" loading=\"lazy\" \/><\/a>\n\t\t\t<\/dt><\/dl><dl class='gallery-item'>\n\t\t\t<dt class='gallery-icon landscape'>\n\t\t\t\t<a href='https:\/\/www.schubladenfrei.com\/cms\/aktuelles\/nachlese-72-internationale-filmfestspiele-berlin\/attachment\/dsc_0505-3wm\/'><img width=\"150\" height=\"150\" src=\"https:\/\/www.schubladenfrei.com\/cms\/wp-content\/uploads\/2022\/04\/DSC_0505-3WM-150x150.jpg\" class=\"attachment-thumbnail size-thumbnail\" alt=\"\" loading=\"lazy\" \/><\/a>\n\t\t\t<\/dt><\/dl><dl class='gallery-item'>\n\t\t\t<dt class='gallery-icon landscape'>\n\t\t\t\t<a href='https:\/\/www.schubladenfrei.com\/cms\/aktuelles\/nachlese-72-internationale-filmfestspiele-berlin\/attachment\/dsc_0501-2wm\/'><img width=\"150\" height=\"150\" src=\"https:\/\/www.schubladenfrei.com\/cms\/wp-content\/uploads\/2022\/04\/DSC_0501-2WM-150x150.jpg\" class=\"attachment-thumbnail size-thumbnail\" alt=\"\" loading=\"lazy\" \/><\/a>\n\t\t\t<\/dt><\/dl><br style=\"clear: both\" \/><dl class='gallery-item'>\n\t\t\t<dt class='gallery-icon landscape'>\n\t\t\t\t<a href='https:\/\/www.schubladenfrei.com\/cms\/aktuelles\/nachlese-72-internationale-filmfestspiele-berlin\/attachment\/dsc_0498-2wm\/'><img width=\"150\" height=\"150\" src=\"https:\/\/www.schubladenfrei.com\/cms\/wp-content\/uploads\/2022\/04\/DSC_0498-2WM-150x150.jpg\" class=\"attachment-thumbnail size-thumbnail\" alt=\"\" loading=\"lazy\" \/><\/a>\n\t\t\t<\/dt><\/dl><dl class='gallery-item'>\n\t\t\t<dt class='gallery-icon landscape'>\n\t\t\t\t<a href='https:\/\/www.schubladenfrei.com\/cms\/aktuelles\/nachlese-72-internationale-filmfestspiele-berlin\/attachment\/dsc_0485-3wm\/'><img width=\"150\" height=\"150\" src=\"https:\/\/www.schubladenfrei.com\/cms\/wp-content\/uploads\/2022\/04\/DSC_0485-3WM-150x150.jpg\" class=\"attachment-thumbnail size-thumbnail\" alt=\"\" loading=\"lazy\" \/><\/a>\n\t\t\t<\/dt><\/dl><dl class='gallery-item'>\n\t\t\t<dt class='gallery-icon landscape'>\n\t\t\t\t<a href='https:\/\/www.schubladenfrei.com\/cms\/aktuelles\/nachlese-72-internationale-filmfestspiele-berlin\/attachment\/dsc_0477-2wm\/'><img width=\"150\" height=\"150\" src=\"https:\/\/www.schubladenfrei.com\/cms\/wp-content\/uploads\/2022\/04\/DSC_0477-2WM-150x150.jpg\" class=\"attachment-thumbnail size-thumbnail\" alt=\"\" loading=\"lazy\" \/><\/a>\n\t\t\t<\/dt><\/dl><br style=\"clear: both\" \/><dl class='gallery-item'>\n\t\t\t<dt class='gallery-icon landscape'>\n\t\t\t\t<a href='https:\/\/www.schubladenfrei.com\/cms\/aktuelles\/nachlese-72-internationale-filmfestspiele-berlin\/attachment\/dsc_0454-3wm\/'><img width=\"150\" height=\"150\" src=\"https:\/\/www.schubladenfrei.com\/cms\/wp-content\/uploads\/2022\/04\/DSC_0454-3WM-150x150.jpg\" class=\"attachment-thumbnail size-thumbnail\" alt=\"\" loading=\"lazy\" \/><\/a>\n\t\t\t<\/dt><\/dl><dl class='gallery-item'>\n\t\t\t<dt class='gallery-icon landscape'>\n\t\t\t\t<a href='https:\/\/www.schubladenfrei.com\/cms\/aktuelles\/nachlese-72-internationale-filmfestspiele-berlin\/attachment\/dsc_0382-3wm\/'><img width=\"150\" height=\"150\" src=\"https:\/\/www.schubladenfrei.com\/cms\/wp-content\/uploads\/2022\/04\/DSC_0382-3WM-150x150.jpg\" class=\"attachment-thumbnail size-thumbnail\" alt=\"\" loading=\"lazy\" \/><\/a>\n\t\t\t<\/dt><\/dl><dl class='gallery-item'>\n\t\t\t<dt class='gallery-icon landscape'>\n\t\t\t\t<a href='https:\/\/www.schubladenfrei.com\/cms\/aktuelles\/nachlese-72-internationale-filmfestspiele-berlin\/attachment\/dsc_0364-2wm\/'><img width=\"150\" height=\"150\" src=\"https:\/\/www.schubladenfrei.com\/cms\/wp-content\/uploads\/2022\/04\/DSC_0364-2WM-150x150.jpg\" class=\"attachment-thumbnail size-thumbnail\" alt=\"\" loading=\"lazy\" \/><\/a>\n\t\t\t<\/dt><\/dl><br style=\"clear: both\" \/><dl class='gallery-item'>\n\t\t\t<dt class='gallery-icon portrait'>\n\t\t\t\t<a href='https:\/\/www.schubladenfrei.com\/cms\/aktuelles\/nachlese-72-internationale-filmfestspiele-berlin\/attachment\/dsc_0363-2wm\/'><img width=\"150\" height=\"150\" src=\"https:\/\/www.schubladenfrei.com\/cms\/wp-content\/uploads\/2022\/04\/DSC_0363-2WM-150x150.jpg\" class=\"attachment-thumbnail size-thumbnail\" alt=\"\" loading=\"lazy\" \/><\/a>\n\t\t\t<\/dt><\/dl><dl class='gallery-item'>\n\t\t\t<dt class='gallery-icon landscape'>\n\t\t\t\t<a href='https:\/\/www.schubladenfrei.com\/cms\/aktuelles\/nachlese-72-internationale-filmfestspiele-berlin\/attachment\/dsc_0348-2wm\/'><img width=\"150\" height=\"150\" src=\"https:\/\/www.schubladenfrei.com\/cms\/wp-content\/uploads\/2022\/04\/DSC_0348-2WM-150x150.jpg\" class=\"attachment-thumbnail size-thumbnail\" alt=\"\" loading=\"lazy\" \/><\/a>\n\t\t\t<\/dt><\/dl><dl class='gallery-item'>\n\t\t\t<dt class='gallery-icon landscape'>\n\t\t\t\t<a href='https:\/\/www.schubladenfrei.com\/cms\/aktuelles\/nachlese-72-internationale-filmfestspiele-berlin\/attachment\/dsc_0346-2wm\/'><img width=\"150\" height=\"150\" src=\"https:\/\/www.schubladenfrei.com\/cms\/wp-content\/uploads\/2022\/04\/DSC_0346-2WM-150x150.jpg\" class=\"attachment-thumbnail size-thumbnail\" alt=\"\" loading=\"lazy\" srcset=\"https:\/\/www.schubladenfrei.com\/cms\/wp-content\/uploads\/2022\/04\/DSC_0346-2WM-150x150.jpg 150w, https:\/\/www.schubladenfrei.com\/cms\/wp-content\/uploads\/2022\/04\/DSC_0346-2WM-300x300.jpg 300w, https:\/\/www.schubladenfrei.com\/cms\/wp-content\/uploads\/2022\/04\/DSC_0346-2WM-1024x1024.jpg 1024w, https:\/\/www.schubladenfrei.com\/cms\/wp-content\/uploads\/2022\/04\/DSC_0346-2WM.jpg 2000w\" sizes=\"(max-width: 150px) 100vw, 150px\" \/><\/a>\n\t\t\t<\/dt><\/dl><br style=\"clear: both\" \/><dl class='gallery-item'>\n\t\t\t<dt class='gallery-icon landscape'>\n\t\t\t\t<a href='https:\/\/www.schubladenfrei.com\/cms\/aktuelles\/nachlese-72-internationale-filmfestspiele-berlin\/attachment\/dsc_0345-2wm\/'><img width=\"150\" height=\"150\" src=\"https:\/\/www.schubladenfrei.com\/cms\/wp-content\/uploads\/2022\/04\/DSC_0345-2WM-150x150.jpg\" class=\"attachment-thumbnail size-thumbnail\" alt=\"\" loading=\"lazy\" \/><\/a>\n\t\t\t<\/dt><\/dl><dl class='gallery-item'>\n\t\t\t<dt class='gallery-icon landscape'>\n\t\t\t\t<a href='https:\/\/www.schubladenfrei.com\/cms\/aktuelles\/nachlese-72-internationale-filmfestspiele-berlin\/attachment\/dsc_0339-2wm\/'><img width=\"150\" height=\"150\" src=\"https:\/\/www.schubladenfrei.com\/cms\/wp-content\/uploads\/2022\/04\/DSC_0339-2WM-150x150.jpg\" class=\"attachment-thumbnail size-thumbnail\" alt=\"\" loading=\"lazy\" \/><\/a>\n\t\t\t<\/dt><\/dl><dl class='gallery-item'>\n\t\t\t<dt class='gallery-icon landscape'>\n\t\t\t\t<a href='https:\/\/www.schubladenfrei.com\/cms\/aktuelles\/nachlese-72-internationale-filmfestspiele-berlin\/attachment\/dsc_0018-2wm\/'><img width=\"150\" height=\"150\" src=\"https:\/\/www.schubladenfrei.com\/cms\/wp-content\/uploads\/2022\/04\/DSC_0018-2WM-150x150.jpg\" class=\"attachment-thumbnail size-thumbnail\" alt=\"\" loading=\"lazy\" \/><\/a>\n\t\t\t<\/dt><\/dl><br style=\"clear: both\" \/><dl class='gallery-item'>\n\t\t\t<dt class='gallery-icon portrait'>\n\t\t\t\t<a href='https:\/\/www.schubladenfrei.com\/cms\/aktuelles\/nachlese-72-internationale-filmfestspiele-berlin\/attachment\/dsc_0036-2wm\/'><img width=\"150\" height=\"150\" src=\"https:\/\/www.schubladenfrei.com\/cms\/wp-content\/uploads\/2022\/04\/DSC_0036-2WM-150x150.jpg\" class=\"attachment-thumbnail size-thumbnail\" alt=\"\" loading=\"lazy\" \/><\/a>\n\t\t\t<\/dt><\/dl><dl class='gallery-item'>\n\t\t\t<dt class='gallery-icon landscape'>\n\t\t\t\t<a href='https:\/\/www.schubladenfrei.com\/cms\/aktuelles\/nachlese-72-internationale-filmfestspiele-berlin\/attachment\/dsc_0039-2wm\/'><img width=\"150\" height=\"150\" src=\"https:\/\/www.schubladenfrei.com\/cms\/wp-content\/uploads\/2022\/04\/DSC_0039-2WM-150x150.jpg\" class=\"attachment-thumbnail size-thumbnail\" alt=\"\" loading=\"lazy\" \/><\/a>\n\t\t\t<\/dt><\/dl><dl class='gallery-item'>\n\t\t\t<dt class='gallery-icon portrait'>\n\t\t\t\t<a href='https:\/\/www.schubladenfrei.com\/cms\/aktuelles\/nachlese-72-internationale-filmfestspiele-berlin\/attachment\/dsc_0050-2wm\/'><img width=\"150\" height=\"150\" src=\"https:\/\/www.schubladenfrei.com\/cms\/wp-content\/uploads\/2022\/04\/DSC_0050-2WM-150x150.jpg\" class=\"attachment-thumbnail size-thumbnail\" alt=\"\" loading=\"lazy\" \/><\/a>\n\t\t\t<\/dt><\/dl><br style=\"clear: both\" \/><dl class='gallery-item'>\n\t\t\t<dt class='gallery-icon portrait'>\n\t\t\t\t<a href='https:\/\/www.schubladenfrei.com\/cms\/aktuelles\/nachlese-72-internationale-filmfestspiele-berlin\/attachment\/dsc_0054-2wmsw\/'><img width=\"150\" height=\"150\" src=\"https:\/\/www.schubladenfrei.com\/cms\/wp-content\/uploads\/2022\/04\/DSC_0054-2WMsw-150x150.jpg\" class=\"attachment-thumbnail size-thumbnail\" alt=\"\" loading=\"lazy\" \/><\/a>\n\t\t\t<\/dt><\/dl><dl class='gallery-item'>\n\t\t\t<dt class='gallery-icon landscape'>\n\t\t\t\t<a href='https:\/\/www.schubladenfrei.com\/cms\/aktuelles\/nachlese-72-internationale-filmfestspiele-berlin\/attachment\/dsc_0057-2wmsw\/'><img width=\"150\" height=\"150\" src=\"https:\/\/www.schubladenfrei.com\/cms\/wp-content\/uploads\/2022\/04\/DSC_0057-2WMsw-150x150.jpg\" class=\"attachment-thumbnail size-thumbnail\" alt=\"\" loading=\"lazy\" \/><\/a>\n\t\t\t<\/dt><\/dl><dl class='gallery-item'>\n\t\t\t<dt class='gallery-icon portrait'>\n\t\t\t\t<a href='https:\/\/www.schubladenfrei.com\/cms\/aktuelles\/nachlese-72-internationale-filmfestspiele-berlin\/attachment\/dsc_0083-3wm\/'><img width=\"150\" height=\"150\" src=\"https:\/\/www.schubladenfrei.com\/cms\/wp-content\/uploads\/2022\/04\/DSC_0083-3WM-150x150.jpg\" class=\"attachment-thumbnail size-thumbnail\" alt=\"\" loading=\"lazy\" \/><\/a>\n\t\t\t<\/dt><\/dl><br style=\"clear: both\" \/><dl class='gallery-item'>\n\t\t\t<dt class='gallery-icon landscape'>\n\t\t\t\t<a href='https:\/\/www.schubladenfrei.com\/cms\/aktuelles\/nachlese-72-internationale-filmfestspiele-berlin\/attachment\/dsc_0098-2wm\/'><img width=\"150\" height=\"150\" src=\"https:\/\/www.schubladenfrei.com\/cms\/wp-content\/uploads\/2022\/04\/DSC_0098-2WM-150x150.jpg\" class=\"attachment-thumbnail size-thumbnail\" alt=\"\" loading=\"lazy\" \/><\/a>\n\t\t\t<\/dt><\/dl><dl class='gallery-item'>\n\t\t\t<dt class='gallery-icon landscape'>\n\t\t\t\t<a href='https:\/\/www.schubladenfrei.com\/cms\/aktuelles\/nachlese-72-internationale-filmfestspiele-berlin\/attachment\/dsc_0099-2wm\/'><img width=\"150\" height=\"150\" src=\"https:\/\/www.schubladenfrei.com\/cms\/wp-content\/uploads\/2022\/04\/DSC_0099-2WM-150x150.jpg\" class=\"attachment-thumbnail size-thumbnail\" alt=\"\" loading=\"lazy\" \/><\/a>\n\t\t\t<\/dt><\/dl><dl class='gallery-item'>\n\t\t\t<dt class='gallery-icon landscape'>\n\t\t\t\t<a href='https:\/\/www.schubladenfrei.com\/cms\/aktuelles\/nachlese-72-internationale-filmfestspiele-berlin\/attachment\/dsc_0103-2wm\/'><img width=\"150\" height=\"150\" src=\"https:\/\/www.schubladenfrei.com\/cms\/wp-content\/uploads\/2022\/04\/DSC_0103-2WM-150x150.jpg\" class=\"attachment-thumbnail size-thumbnail\" alt=\"\" loading=\"lazy\" \/><\/a>\n\t\t\t<\/dt><\/dl><br style=\"clear: both\" \/><dl class='gallery-item'>\n\t\t\t<dt class='gallery-icon landscape'>\n\t\t\t\t<a href='https:\/\/www.schubladenfrei.com\/cms\/aktuelles\/nachlese-72-internationale-filmfestspiele-berlin\/attachment\/dsc_0104-2wm\/'><img width=\"150\" height=\"150\" src=\"https:\/\/www.schubladenfrei.com\/cms\/wp-content\/uploads\/2022\/04\/DSC_0104-2WM-150x150.jpg\" class=\"attachment-thumbnail size-thumbnail\" alt=\"\" loading=\"lazy\" \/><\/a>\n\t\t\t<\/dt><\/dl><dl class='gallery-item'>\n\t\t\t<dt class='gallery-icon landscape'>\n\t\t\t\t<a href='https:\/\/www.schubladenfrei.com\/cms\/aktuelles\/nachlese-72-internationale-filmfestspiele-berlin\/attachment\/dsc_0107-2wm\/'><img width=\"150\" height=\"150\" src=\"https:\/\/www.schubladenfrei.com\/cms\/wp-content\/uploads\/2022\/04\/DSC_0107-2WM-150x150.jpg\" class=\"attachment-thumbnail size-thumbnail\" alt=\"\" loading=\"lazy\" \/><\/a>\n\t\t\t<\/dt><\/dl><dl class='gallery-item'>\n\t\t\t<dt class='gallery-icon landscape'>\n\t\t\t\t<a href='https:\/\/www.schubladenfrei.com\/cms\/aktuelles\/nachlese-72-internationale-filmfestspiele-berlin\/attachment\/dsc_0114-3wm\/'><img width=\"150\" height=\"150\" src=\"https:\/\/www.schubladenfrei.com\/cms\/wp-content\/uploads\/2022\/04\/DSC_0114-3WM-150x150.jpg\" class=\"attachment-thumbnail size-thumbnail\" alt=\"\" loading=\"lazy\" \/><\/a>\n\t\t\t<\/dt><\/dl><br style=\"clear: both\" \/><dl class='gallery-item'>\n\t\t\t<dt class='gallery-icon landscape'>\n\t\t\t\t<a href='https:\/\/www.schubladenfrei.com\/cms\/aktuelles\/nachlese-72-internationale-filmfestspiele-berlin\/attachment\/dsc_0122-2wm\/'><img width=\"150\" height=\"150\" src=\"https:\/\/www.schubladenfrei.com\/cms\/wp-content\/uploads\/2022\/04\/DSC_0122-2WM-150x150.jpg\" class=\"attachment-thumbnail size-thumbnail\" alt=\"\" loading=\"lazy\" \/><\/a>\n\t\t\t<\/dt><\/dl><dl class='gallery-item'>\n\t\t\t<dt class='gallery-icon portrait'>\n\t\t\t\t<a href='https:\/\/www.schubladenfrei.com\/cms\/aktuelles\/nachlese-72-internationale-filmfestspiele-berlin\/attachment\/dsc_0134-2wm\/'><img width=\"150\" height=\"150\" src=\"https:\/\/www.schubladenfrei.com\/cms\/wp-content\/uploads\/2022\/04\/DSC_0134-2WM-150x150.jpg\" class=\"attachment-thumbnail size-thumbnail\" alt=\"\" loading=\"lazy\" \/><\/a>\n\t\t\t<\/dt><\/dl><dl class='gallery-item'>\n\t\t\t<dt class='gallery-icon landscape'>\n\t\t\t\t<a href='https:\/\/www.schubladenfrei.com\/cms\/aktuelles\/nachlese-72-internationale-filmfestspiele-berlin\/attachment\/dsc_0150-2wm\/'><img width=\"150\" height=\"150\" src=\"https:\/\/www.schubladenfrei.com\/cms\/wp-content\/uploads\/2022\/04\/DSC_0150-2WM-150x150.jpg\" class=\"attachment-thumbnail size-thumbnail\" alt=\"\" loading=\"lazy\" \/><\/a>\n\t\t\t<\/dt><\/dl><br style=\"clear: both\" \/><dl class='gallery-item'>\n\t\t\t<dt class='gallery-icon landscape'>\n\t\t\t\t<a href='https:\/\/www.schubladenfrei.com\/cms\/aktuelles\/nachlese-72-internationale-filmfestspiele-berlin\/attachment\/dsc_0150-2wmsw\/'><img width=\"150\" height=\"150\" src=\"https:\/\/www.schubladenfrei.com\/cms\/wp-content\/uploads\/2022\/04\/DSC_0150-2WMsw-150x150.jpg\" class=\"attachment-thumbnail size-thumbnail\" alt=\"\" loading=\"lazy\" \/><\/a>\n\t\t\t<\/dt><\/dl><dl class='gallery-item'>\n\t\t\t<dt class='gallery-icon portrait'>\n\t\t\t\t<a href='https:\/\/www.schubladenfrei.com\/cms\/aktuelles\/nachlese-72-internationale-filmfestspiele-berlin\/attachment\/dsc_0190-3wm\/'><img width=\"150\" height=\"150\" src=\"https:\/\/www.schubladenfrei.com\/cms\/wp-content\/uploads\/2022\/04\/DSC_0190-3WM-150x150.jpg\" class=\"attachment-thumbnail size-thumbnail\" alt=\"\" loading=\"lazy\" \/><\/a>\n\t\t\t<\/dt><\/dl><dl class='gallery-item'>\n\t\t\t<dt class='gallery-icon landscape'>\n\t\t\t\t<a href='https:\/\/www.schubladenfrei.com\/cms\/aktuelles\/nachlese-72-internationale-filmfestspiele-berlin\/attachment\/dsc_0194-3wm\/'><img width=\"150\" height=\"150\" src=\"https:\/\/www.schubladenfrei.com\/cms\/wp-content\/uploads\/2022\/04\/DSC_0194-3WM-150x150.jpg\" class=\"attachment-thumbnail size-thumbnail\" alt=\"\" loading=\"lazy\" \/><\/a>\n\t\t\t<\/dt><\/dl><br style=\"clear: both\" \/><dl class='gallery-item'>\n\t\t\t<dt class='gallery-icon landscape'>\n\t\t\t\t<a href='https:\/\/www.schubladenfrei.com\/cms\/aktuelles\/nachlese-72-internationale-filmfestspiele-berlin\/attachment\/dsc_0195-2wm\/'><img width=\"150\" height=\"150\" src=\"https:\/\/www.schubladenfrei.com\/cms\/wp-content\/uploads\/2022\/04\/DSC_0195-2WM-150x150.jpg\" class=\"attachment-thumbnail size-thumbnail\" alt=\"\" loading=\"lazy\" \/><\/a>\n\t\t\t<\/dt><\/dl><dl class='gallery-item'>\n\t\t\t<dt class='gallery-icon landscape'>\n\t\t\t\t<a href='https:\/\/www.schubladenfrei.com\/cms\/aktuelles\/nachlese-72-internationale-filmfestspiele-berlin\/attachment\/dsc_0197-2wm\/'><img width=\"150\" height=\"150\" src=\"https:\/\/www.schubladenfrei.com\/cms\/wp-content\/uploads\/2022\/04\/DSC_0197-2WM-150x150.jpg\" class=\"attachment-thumbnail size-thumbnail\" alt=\"\" loading=\"lazy\" \/><\/a>\n\t\t\t<\/dt><\/dl><dl class='gallery-item'>\n\t\t\t<dt class='gallery-icon portrait'>\n\t\t\t\t<a href='https:\/\/www.schubladenfrei.com\/cms\/aktuelles\/nachlese-72-internationale-filmfestspiele-berlin\/attachment\/dsc_0208-2wm\/'><img width=\"150\" height=\"150\" src=\"https:\/\/www.schubladenfrei.com\/cms\/wp-content\/uploads\/2022\/04\/DSC_0208-2WM-150x150.jpg\" class=\"attachment-thumbnail size-thumbnail\" alt=\"\" loading=\"lazy\" \/><\/a>\n\t\t\t<\/dt><\/dl><br style=\"clear: both\" \/><dl class='gallery-item'>\n\t\t\t<dt class='gallery-icon landscape'>\n\t\t\t\t<a href='https:\/\/www.schubladenfrei.com\/cms\/aktuelles\/nachlese-72-internationale-filmfestspiele-berlin\/attachment\/dsc_0223-2wm\/'><img width=\"150\" height=\"150\" src=\"https:\/\/www.schubladenfrei.com\/cms\/wp-content\/uploads\/2022\/04\/DSC_0223-2WM-150x150.jpg\" class=\"attachment-thumbnail size-thumbnail\" alt=\"\" loading=\"lazy\" \/><\/a>\n\t\t\t<\/dt><\/dl><dl class='gallery-item'>\n\t\t\t<dt class='gallery-icon landscape'>\n\t\t\t\t<a href='https:\/\/www.schubladenfrei.com\/cms\/aktuelles\/nachlese-72-internationale-filmfestspiele-berlin\/attachment\/dsc_0233-2wm\/'><img width=\"150\" height=\"150\" src=\"https:\/\/www.schubladenfrei.com\/cms\/wp-content\/uploads\/2022\/04\/DSC_0233-2WM-150x150.jpg\" class=\"attachment-thumbnail size-thumbnail\" alt=\"\" loading=\"lazy\" \/><\/a>\n\t\t\t<\/dt><\/dl><dl class='gallery-item'>\n\t\t\t<dt class='gallery-icon landscape'>\n\t\t\t\t<a href='https:\/\/www.schubladenfrei.com\/cms\/aktuelles\/nachlese-72-internationale-filmfestspiele-berlin\/attachment\/dsc_0254-4wm\/'><img width=\"150\" height=\"150\" src=\"https:\/\/www.schubladenfrei.com\/cms\/wp-content\/uploads\/2022\/04\/DSC_0254-4WM-150x150.jpg\" class=\"attachment-thumbnail size-thumbnail\" alt=\"\" loading=\"lazy\" \/><\/a>\n\t\t\t<\/dt><\/dl><br style=\"clear: both\" \/><dl class='gallery-item'>\n\t\t\t<dt class='gallery-icon landscape'>\n\t\t\t\t<a href='https:\/\/www.schubladenfrei.com\/cms\/aktuelles\/nachlese-72-internationale-filmfestspiele-berlin\/attachment\/dsc_0255-2wm\/'><img width=\"150\" height=\"150\" src=\"https:\/\/www.schubladenfrei.com\/cms\/wp-content\/uploads\/2022\/04\/DSC_0255-2WM-150x150.jpg\" class=\"attachment-thumbnail size-thumbnail\" alt=\"\" loading=\"lazy\" \/><\/a>\n\t\t\t<\/dt><\/dl><dl class='gallery-item'>\n\t\t\t<dt class='gallery-icon landscape'>\n\t\t\t\t<a href='https:\/\/www.schubladenfrei.com\/cms\/aktuelles\/nachlese-72-internationale-filmfestspiele-berlin\/attachment\/dsc_0257-2wm\/'><img width=\"150\" height=\"150\" src=\"https:\/\/www.schubladenfrei.com\/cms\/wp-content\/uploads\/2022\/04\/DSC_0257-2WM-150x150.jpg\" class=\"attachment-thumbnail size-thumbnail\" alt=\"\" loading=\"lazy\" \/><\/a>\n\t\t\t<\/dt><\/dl><dl class='gallery-item'>\n\t\t\t<dt class='gallery-icon landscape'>\n\t\t\t\t<a href='https:\/\/www.schubladenfrei.com\/cms\/aktuelles\/nachlese-72-internationale-filmfestspiele-berlin\/attachment\/dsc_0263-2wm\/'><img width=\"150\" height=\"150\" src=\"https:\/\/www.schubladenfrei.com\/cms\/wp-content\/uploads\/2022\/04\/DSC_0263-2WM-150x150.jpg\" class=\"attachment-thumbnail size-thumbnail\" alt=\"\" loading=\"lazy\" \/><\/a>\n\t\t\t<\/dt><\/dl><br style=\"clear: both\" \/><dl class='gallery-item'>\n\t\t\t<dt class='gallery-icon landscape'>\n\t\t\t\t<a href='https:\/\/www.schubladenfrei.com\/cms\/aktuelles\/nachlese-72-internationale-filmfestspiele-berlin\/attachment\/dsc_0266-2wm\/'><img width=\"150\" height=\"150\" src=\"https:\/\/www.schubladenfrei.com\/cms\/wp-content\/uploads\/2022\/04\/DSC_0266-2WM-150x150.jpg\" class=\"attachment-thumbnail size-thumbnail\" alt=\"\" loading=\"lazy\" \/><\/a>\n\t\t\t<\/dt><\/dl>\n\t\t\t<br style='clear: both' \/>\n\t\t<\/div>\n\n","protected":false},"excerpt":{"rendered":"<p>Soll man mitten in der Omikron-Welle ein Mega-Event als Pr\u00e4senzveranstaltung durchf\u00fchren? Die Organisator*innen der 72. Internationalen Fimfestspiele Berlin haben diese Frage f\u00fcr sich bejaht und ernteten im Vorfeld des Events daf\u00fcr nicht wenig Kritik und Gegenwind. Nun ist die diesj\u00e4hrige &hellip; <a href=\"https:\/\/www.schubladenfrei.com\/cms\/aktuelles\/nachlese-72-internationale-filmfestspiele-berlin\/\">Weiterlesen <span class=\"meta-nav\">&rarr;<\/span><\/a><\/p>\n","protected":false},"author":10,"featured_media":0,"comment_status":"open","ping_status":"open","sticky":false,"template":"","format":"standard","meta":[],"categories":[4,140,145,207,138],"tags":[671,670,206,220,668,307,93,669,159,210,672,263,673,651,674],"_links":{"self":[{"href":"https:\/\/www.schubladenfrei.com\/cms\/wp-json\/wp\/v2\/posts\/8839"}],"collection":[{"href":"https:\/\/www.schubladenfrei.com\/cms\/wp-json\/wp\/v2\/posts"}],"about":[{"href":"https:\/\/www.schubladenfrei.com\/cms\/wp-json\/wp\/v2\/types\/post"}],"author":[{"embeddable":true,"href":"https:\/\/www.schubladenfrei.com\/cms\/wp-json\/wp\/v2\/users\/10"}],"replies":[{"embeddable":true,"href":"https:\/\/www.schubladenfrei.com\/cms\/wp-json\/wp\/v2\/comments?post=8839"}],"version-history":[{"count":5,"href":"https:\/\/www.schubladenfrei.com\/cms\/wp-json\/wp\/v2\/posts\/8839\/revisions"}],"predecessor-version":[{"id":8900,"href":"https:\/\/www.schubladenfrei.com\/cms\/wp-json\/wp\/v2\/posts\/8839\/revisions\/8900"}],"wp:attachment":[{"href":"https:\/\/www.schubladenfrei.com\/cms\/wp-json\/wp\/v2\/media?parent=8839"}],"wp:term":[{"taxonomy":"category","embeddable":true,"href":"https:\/\/www.schubladenfrei.com\/cms\/wp-json\/wp\/v2\/categories?post=8839"},{"taxonomy":"post_tag","embeddable":true,"href":"https:\/\/www.schubladenfrei.com\/cms\/wp-json\/wp\/v2\/tags?post=8839"}],"curies":[{"name":"wp","href":"https:\/\/api.w.org\/{rel}","templated":true}]}}