{"id":8805,"date":"2021-12-15T23:39:32","date_gmt":"2021-12-15T22:39:32","guid":{"rendered":"http:\/\/www.schubladenfrei.com\/cms\/?p=8805"},"modified":"2021-12-15T23:39:32","modified_gmt":"2021-12-15T22:39:32","slug":"buchberlin-2021-impressionen-und-fundstuecke","status":"publish","type":"post","link":"https:\/\/www.schubladenfrei.com\/cms\/aktuelles\/buchberlin-2021-impressionen-und-fundstuecke\/","title":{"rendered":"BuchBerlin 2021 \u2013 Impressionen und Fundst\u00fccke"},"content":{"rendered":"<p style=\"text-align: justify;\"><a href=\"http:\/\/www.schubladenfrei.com\/cms\/wp-content\/uploads\/2021\/12\/IMG_20211120_093755.jpg\"><img loading=\"lazy\" class=\"aligncenter size-medium wp-image-8813\" src=\"http:\/\/www.schubladenfrei.com\/cms\/wp-content\/uploads\/2021\/12\/IMG_20211120_093755-300x169.jpg\" alt=\"IMG_20211120_093755\" width=\"300\" height=\"169\" srcset=\"https:\/\/www.schubladenfrei.com\/cms\/wp-content\/uploads\/2021\/12\/IMG_20211120_093755-300x169.jpg 300w, https:\/\/www.schubladenfrei.com\/cms\/wp-content\/uploads\/2021\/12\/IMG_20211120_093755-1024x576.jpg 1024w\" sizes=\"(max-width: 300px) 100vw, 300px\" \/><\/a><\/p>\n<p style=\"text-align: justify;\">Dass die <a href=\"https:\/\/buch-berlin.de\/\" target=\"_blank\">BuchBerlin<\/a> 2021 tats\u00e4chlich live und in echt stattfinden konnte, erscheint wenige Wochen danach angesichts der derzeitigen Situation fast schon wie ein kleines Wunder. Leider war die Zeit, die wir dort verbringen konnten, viel zu kurz bemessen, so dass wir hier keinen umfassenden Bericht sondern nur ein paar Splitter liefern k\u00f6nnen. Vielleicht reichen diese jedoch, um einen kleinen Eindruck von der Atmosph\u00e4re und der Bandbreite des Angebots zu vermitteln.<\/p>\n<p style=\"text-align: justify;\"><!--more--><\/p>\n<p style=\"text-align: justify;\">Um gleich zu Beginn noch einmal kurz auf die aktuelle Situation einzugehen: Die geltenden Ma\u00dfnahmen wurden sehr gut umgesetzt, die Kontrolle des 2G-Status war vorbildlich und auch die Maskenpflicht in den Innenr\u00e4umen wurde von Helfern, Ausstellern und Publikum durchweg vorbildlich eingehalten. Dazu kommt die H\u00f6he der alten Fabrikhalle, die Weitl\u00e4ufigkeit und die gute Ventilation, die dazu beitrugen, dass man sich rundum wohl f\u00fchlen konnte. Daf\u00fcr geb\u00fchrt allen Beteiligten, allen voran aber dem Orga- und Helferteam der <a href=\"https:\/\/buch-berlin.de\/\" target=\"_blank\">BuchBerlin<\/a> gro\u00dfer Applaus.<\/p>\n<p style=\"text-align: justify;\"><span style=\"color: #ff0000;\">[Um bei einzelnen Bildern entsprechendem Gemecker vorzubeugen, von wegen \u201edie haben auf dem Bild doch gar keine Maske auf!\u201c: Das war nur f\u00fcrs Foto. Sieht einfach besser aus. Die Fotos entstanden jeweils mit entsprechendem Abstand und danach war die Maske sofort wieder auf.]<\/span><\/p>\n<p style=\"text-align: justify;\"><a href=\"http:\/\/www.schubladenfrei.com\/cms\/wp-content\/uploads\/2021\/12\/BB2021_12.jpg\"><img loading=\"lazy\" class=\"aligncenter size-medium wp-image-8811\" src=\"http:\/\/www.schubladenfrei.com\/cms\/wp-content\/uploads\/2021\/12\/BB2021_12-300x169.jpg\" alt=\"BB2021_12\" width=\"300\" height=\"169\" srcset=\"https:\/\/www.schubladenfrei.com\/cms\/wp-content\/uploads\/2021\/12\/BB2021_12-300x169.jpg 300w, https:\/\/www.schubladenfrei.com\/cms\/wp-content\/uploads\/2021\/12\/BB2021_12-1024x576.jpg 1024w\" sizes=\"(max-width: 300px) 100vw, 300px\" \/><\/a><\/p>\n<p style=\"text-align: justify;\">Apropos wohlf\u00fchlen: Der gr\u00f6\u00dfte Beifall geb\u00fchrt der BuchBerlin eigentlich daf\u00fcr, dass sie es trotz dieser ganzen Einschr\u00e4nkungen und Zusatzbelastungen geschafft hat, die ihr eigene entspannte Wohlf\u00fchl-Atmosph\u00e4re aufrecht zu halten. Was diese Messe n\u00e4mlich vor allem auszeichnet, ist ihre Niedrigschwelligkeit. Nat\u00fcrlich ist das auch der Tatsache geschuldet, dass es zwar nach Frankfurt und Leipzig inzwischen die drittwichtigste einschl\u00e4gige Veranstaltung ist, man jedoch, was die absoluten Aussteller*innen- und Publikumszahlen angeht, den beiden Dinos eher als Maus gegen\u00fcbersteht. Nat\u00fcrlich ist der BuchBerlin zu w\u00fcnschen, dass sie weiter wachsen m\u00f6ge, doch klein hat auch Vorteile. So sind hier Schlangen an den St\u00e4nden, etwa beim Signieren, einfach mal nicht existent. Das bietet nicht nur die Chance f\u00fcrs Publikum, die Autor*innen und Verleger*innen hautnah zu erleben, sondern ist nat\u00fcrlich auch die beste Voraussetzung, um entspannt ins Gespr\u00e4ch kommen, Kontakte zu kn\u00fcpfen und das eigene Netzwerk zu erweitern.<\/p>\n<p style=\"text-align: justify;\">Wo wir gerade beim Thema Netzwerke sind \u2013 eines davon, das auf der diesj\u00e4hrigen Messe auch mit einem eigenen Stand vertreten war, sind die <a href=\"https:\/\/berlinauthors.de\/\" target=\"_blank\">#BerlinAuthors<\/a>. \u00a02019 wurde es von S. M. Gruber, Liv Modes, Jen Pauli und Katharina Stein gegr\u00fcndet, und veranstaltet seitdem regelm\u00e4\u00dfig Stammtische, Lesungen, Schreibtreffen und Workshops. Zudem erscheint j\u00e4hrlich eine Anthologie mit Texten Berliner Autor*innen, die sich mit den vielf\u00e4ltigen und teils auch widerspr\u00fcchlichen Gef\u00fchlen befassen, die in so einer Gro\u00dfstadt wie Berlin aufkommen k\u00f6nnen. Am 20.11. ist p\u00fcnktlich zur BuchBerlin der dritte Band mit dem sch\u00f6nen Titel\u00a0 \u201eGro\u00dfstadtgeheimnisse \u2013 Funkentanz im D\u00e4mmergrund\u201c erschienen. Schaut mal rein und auch mal auf die Homepage des Netzwerks, es lohnt sich!<\/p>\n<div id=\"attachment_8812\" style=\"width: 310px\" class=\"wp-caption aligncenter\"><a href=\"http:\/\/www.schubladenfrei.com\/cms\/wp-content\/uploads\/2021\/12\/BB2021_18.jpg\"><img aria-describedby=\"caption-attachment-8812\" loading=\"lazy\" class=\"size-medium wp-image-8812\" src=\"http:\/\/www.schubladenfrei.com\/cms\/wp-content\/uploads\/2021\/12\/BB2021_18-300x169.jpg\" alt=\"#BerlinAuthors\" width=\"300\" height=\"169\" srcset=\"https:\/\/www.schubladenfrei.com\/cms\/wp-content\/uploads\/2021\/12\/BB2021_18-300x169.jpg 300w, https:\/\/www.schubladenfrei.com\/cms\/wp-content\/uploads\/2021\/12\/BB2021_18-1024x576.jpg 1024w\" sizes=\"(max-width: 300px) 100vw, 300px\" \/><\/a><p id=\"caption-attachment-8812\" class=\"wp-caption-text\">#BerlinAuthors<\/p><\/div>\n<p style=\"text-align: justify;\">Das Verlagsschaufenster der BuchBerlin war in diesem Jahr ja ganz speziell auf Berlin\/Brandenburg ausgerichtet. Ein interessantes Beispiel ist hier sicherlich der Verlagszusammenschluss \u201e<a href=\"https:\/\/lesen-lokal.de\/\" target=\"_blank\">Lesen Lokal<\/a>\u201c, an dem unter anderen auch die schon 1991 gegr\u00fcndete Zeitschrift \u201e<a href=\"https:\/\/www.die-mark-brandenburg.de\/\" target=\"_blank\">Die Mark Brandenburg<\/a>\u201c beteiligt ist. Im gleichnamigen Verlag<\/p>\n<div id=\"attachment_8809\" style=\"width: 310px\" class=\"wp-caption alignleft\"><a href=\"http:\/\/www.schubladenfrei.com\/cms\/wp-content\/uploads\/2021\/12\/BB2021_7.jpg\"><img aria-describedby=\"caption-attachment-8809\" loading=\"lazy\" class=\"size-medium wp-image-8809\" src=\"http:\/\/www.schubladenfrei.com\/cms\/wp-content\/uploads\/2021\/12\/BB2021_7-300x169.jpg\" alt=\"Lesen Lokal\" width=\"300\" height=\"169\" srcset=\"https:\/\/www.schubladenfrei.com\/cms\/wp-content\/uploads\/2021\/12\/BB2021_7-300x169.jpg 300w, https:\/\/www.schubladenfrei.com\/cms\/wp-content\/uploads\/2021\/12\/BB2021_7-1024x576.jpg 1024w\" sizes=\"(max-width: 300px) 100vw, 300px\" \/><\/a><p id=\"caption-attachment-8809\" class=\"wp-caption-text\">Lesen Lokal<\/p><\/div>\n<p style=\"text-align: justify;\">erscheint nicht nur die immer wieder sehr informative Zeitschrift, sondern es gibt auch ein recht interessantes Buchprogramm. Als Beispiel seien hier \u201eBerliner Gr\u00e4ber, die es in sich haben\u201c von Dietmar Strauch und Lisa Vanovitch (Fotografie), sowie \u201eFassadengefl\u00fcster \u2013 Berliner Bauten der Weimarer Republik\u201c von Arne Krasting erw\u00e4hnt.\u00a0 W\u00e4hrend das eine interessante und teils skurrile Geschichten um bekannte und unbekannte Berliner Begr\u00e4bnisst\u00e4tten erz\u00e4hlt, bietet das andere einen spannenden Rundgang durch die noch erhaltene Berliner Architektur der 20er und 30er Jahre. Nicht nur f\u00fcr Hauptstadtbewohner interessant.<\/p>\n<p style=\"text-align: justify;\"><a href=\"http:\/\/www.schubladenfrei.com\/cms\/wp-content\/uploads\/2021\/12\/BB2021_8.jpg\"><img loading=\"lazy\" class=\"aligncenter size-medium wp-image-8810\" src=\"http:\/\/www.schubladenfrei.com\/cms\/wp-content\/uploads\/2021\/12\/BB2021_8-300x169.jpg\" alt=\"BB2021_8\" width=\"300\" height=\"169\" srcset=\"https:\/\/www.schubladenfrei.com\/cms\/wp-content\/uploads\/2021\/12\/BB2021_8-300x169.jpg 300w, https:\/\/www.schubladenfrei.com\/cms\/wp-content\/uploads\/2021\/12\/BB2021_8-1024x576.jpg 1024w\" sizes=\"(max-width: 300px) 100vw, 300px\" \/><\/a><\/p>\n<p style=\"text-align: justify;\">Ganz anderes fand sich am Stand gleich daneben. Die liebevoll illustrierten \u201eZipfel und M\u00fctze\u201c &#8211; B\u00fccher von <a href=\"https:\/\/www.geschichtenzauberei.com\/\" target=\"_blank\">Nadin Vo\u00df<\/a> richten sich an das j\u00fcngste nur denkbare Publikum, denn sie wollen es Kindern m\u00f6glichst spielend erm\u00f6glichen, das Lesen zu erlernen. Und in die Knuddelalarm\u201c &#8211; Tasse haben wir uns einfach spontan verliebt, die musste definitiv mit!<\/p>\n<div id=\"attachment_8808\" style=\"width: 179px\" class=\"wp-caption aligncenter\"><a href=\"http:\/\/www.schubladenfrei.com\/cms\/wp-content\/uploads\/2021\/12\/BB2021_6.jpg\"><img aria-describedby=\"caption-attachment-8808\" loading=\"lazy\" class=\"size-medium wp-image-8808\" src=\"http:\/\/www.schubladenfrei.com\/cms\/wp-content\/uploads\/2021\/12\/BB2021_6-169x300.jpg\" alt=\"Nadin Vo\u00df\" width=\"169\" height=\"300\" srcset=\"https:\/\/www.schubladenfrei.com\/cms\/wp-content\/uploads\/2021\/12\/BB2021_6-169x300.jpg 169w, https:\/\/www.schubladenfrei.com\/cms\/wp-content\/uploads\/2021\/12\/BB2021_6-576x1024.jpg 576w\" sizes=\"(max-width: 169px) 100vw, 169px\" \/><\/a><p id=\"caption-attachment-8808\" class=\"wp-caption-text\">Nadin Vo\u00df<\/p><\/div>\n<div id=\"attachment_8806\" style=\"width: 234px\" class=\"wp-caption alignleft\"><a href=\"http:\/\/www.schubladenfrei.com\/cms\/wp-content\/uploads\/2021\/12\/BB2021_11.jpg\"><img aria-describedby=\"caption-attachment-8806\" loading=\"lazy\" class=\"size-medium wp-image-8806\" src=\"http:\/\/www.schubladenfrei.com\/cms\/wp-content\/uploads\/2021\/12\/BB2021_11-224x300.jpg\" alt=\"Sophia Alt\" width=\"224\" height=\"300\" srcset=\"https:\/\/www.schubladenfrei.com\/cms\/wp-content\/uploads\/2021\/12\/BB2021_11-224x300.jpg 224w, https:\/\/www.schubladenfrei.com\/cms\/wp-content\/uploads\/2021\/12\/BB2021_11-763x1024.jpg 763w\" sizes=\"(max-width: 224px) 100vw, 224px\" \/><\/a><p id=\"caption-attachment-8806\" class=\"wp-caption-text\">Sophia Alt<\/p><\/div>\n<p style=\"text-align: justify;\">Spannend in mehrerer Hinsicht war der Besuch am Stand des <a href=\"https:\/\/zadek-gmbh.de\/leistungen\/zadek-verlag\/\" target=\"_blank\">Zadek-Verlag<\/a>s. Eigentlich war der kleine Verlag bislang auf Fachpublikationen zum Thema Logistik spezialisiert. Mit \u201eDas Land hinter der Mauer\u201c der jungen Autorin <a href=\"https:\/\/www.sophia-alt.com\/\" target=\"_blank\">Sophia Alt<\/a> hat man sich nun erstmals an einen Roman gewagt. Das Buch erz\u00e4hlt die Geschichte der Wende aus Sicht des Sch\u00fclers Andreas, der diese Zeit im Spannungsfeld zwischen dem linientreuen Weltbild seines Stasi-Vaters und den immer mehr zunehmenden friedlichen Protesten und Forderungen nach Reformen erlebt. So interessant wie das Thema des Romans ist der Werdegang der Verfasserin. Alt wuchs als Tochter eines deutschen Vaters und einer russischen Mutter in Westdeutschland und der Sowjetunion auf. Als ihr Studium der Neurowissenschaften sie schlie\u00dflich nach Magdeburg f\u00fchrte, f\u00fchlte sie sich dort durch vieles an ihre Kindheitserlebnisse in der UdSSR erinnert. Sie wurde neugierig und begann zu recherchieren. \u00a0F\u00fcr \u201eDas Land hinter der Mauer\u201c sprach sie mit B\u00fcrgerrechtlern, Stasi-Kindern oder einfach nur mit Menschen auf der Stra\u00dfe. Herausgekommen ist eine spannende Geschichte, die vor allem Jugendlichen die Wirren und Hoffnungen dieser besonderen Zeit n\u00e4herbringt. Wer die Autorin kennenlernen und mal in den Roman reinh\u00f6ren will, dem seien hier die ersten beiden Ausgaben des \u201e<a href=\"https:\/\/anchor.fm\/guericke-fm\/episodes\/OSTBLOG---Der-Podcast-Ausgabe-1-egr909\" target=\"_blank\">Ostblogs<\/a>\u201c von Guericke FM, dem Uniradio-Podcast der Otto-von-Guericke Universit\u00e4t Magdeburg, empfohlen.<\/p>\n<p style=\"text-align: justify;\">Last but definitely not least zu einer meiner liebsten BuchBerlin-Entdeckungen in diesem Jahr, und das ist definitiv die \u201eFollow Me To Wonderland\u201c Trilogie von <a href=\"https:\/\/www.kristin-ullmann.de\/\" target=\"_blank\">Kristin Ulmann<\/a>. \u201eEine Alice im Wunderland Adaption\u201c nennt die Autorin ihr Werk, dessen finaler dritter Band gerade eben erst im <a href=\"https:\/\/www.gedankenreich-verlag.de\/\" target=\"_blank\">Gedankenreich-Verlag<\/a> erschienen ist. Doch man sollte<\/p>\n<div id=\"attachment_8807\" style=\"width: 179px\" class=\"wp-caption alignleft\"><a href=\"http:\/\/www.schubladenfrei.com\/cms\/wp-content\/uploads\/2021\/12\/BB2021_2.jpg\"><img aria-describedby=\"caption-attachment-8807\" loading=\"lazy\" class=\"size-medium wp-image-8807\" src=\"http:\/\/www.schubladenfrei.com\/cms\/wp-content\/uploads\/2021\/12\/BB2021_2-169x300.jpg\" alt=\"Kristin Ullmann\" width=\"169\" height=\"300\" srcset=\"https:\/\/www.schubladenfrei.com\/cms\/wp-content\/uploads\/2021\/12\/BB2021_2-169x300.jpg 169w, https:\/\/www.schubladenfrei.com\/cms\/wp-content\/uploads\/2021\/12\/BB2021_2-576x1024.jpg 576w\" sizes=\"(max-width: 169px) 100vw, 169px\" \/><\/a><p id=\"caption-attachment-8807\" class=\"wp-caption-text\">Kristin Ullmann<\/p><\/div>\n<p style=\"text-align: justify;\">vorsichtig sein, denn auch wenn Ulmanns Story genau wie das 1865 erschienene Original von Lewis Carroll vor Phantasie nur so spr\u00fcht, kann man schon nach wenigen Seiten feststellen, dass es hier ein klein wenig d\u00fcsterer zur Sache geht. Auch die Namen und Figuren, die aus der Originalgeschichte vertraut wirken, begegnen einem hier in ver\u00e4nderter Weise, denn in diesem Land ist nichts so, wie es scheint. Die Idee zu der Story kam der Autorin, \u2026doch halt, ich will nicht vorgreifen. Denn dies ist eine andere Geschichte, und soll ein andermal erz\u00e4hlt werden. Und zwar schon bald, denn in K\u00fcrze wird es hier ein ausf\u00fchrliches Interview mit Kristin Ullmann zu lesen geben. Bis dahin kann ich Fantasy- und Alice-im-Wunderland-affinen Leseratten die Abenteuer der Seelenf\u00e4ngerin Cat Cheshire und der anderen \u201eWondies\u201c nur w\u00e4rmstens ans Herz legen.<\/p>\n<div id=\"attachment_8814\" style=\"width: 179px\" class=\"wp-caption alignright\"><a href=\"http:\/\/www.schubladenfrei.com\/cms\/wp-content\/uploads\/2021\/12\/BB2021_5.jpg\"><img aria-describedby=\"caption-attachment-8814\" loading=\"lazy\" class=\"size-medium wp-image-8814\" src=\"http:\/\/www.schubladenfrei.com\/cms\/wp-content\/uploads\/2021\/12\/BB2021_5-169x300.jpg\" alt=\"Bernhard Hennen\" width=\"169\" height=\"300\" srcset=\"https:\/\/www.schubladenfrei.com\/cms\/wp-content\/uploads\/2021\/12\/BB2021_5-169x300.jpg 169w, https:\/\/www.schubladenfrei.com\/cms\/wp-content\/uploads\/2021\/12\/BB2021_5-576x1024.jpg 576w\" sizes=\"(max-width: 169px) 100vw, 169px\" \/><\/a><p id=\"caption-attachment-8814\" class=\"wp-caption-text\">Bernhard Hennen<\/p><\/div>\n<p style=\"text-align: justify;\">Neben den zahlreichen unbekannten Autor*innen und Selbst- und Kleinstverlagen konnte man auf der BuchBerlin 2021 aber auch durchaus schon etwas bekanntere Namen finden, wie etwa das Autorenduo Bernhard Hennen und Robert Corvus oder auch den Stand des Verlags <a href=\"https:\/\/www.roterdrache.org\/\" target=\"_blank\">Edition Roter Drache<\/a>. Ebenfalls erw\u00e4hnenswert ist die Ausstellung \u201e#Antisemitismus f\u00fcr Anf\u00e4nger\u201c, die eine Auswahl der Cartoons und Texte aus der gleichnamigen, 2020 erschienen Anthologie pr\u00e4sentierte. \u00a0Bei den nur teils ironisiert \u00fcberspitzten Beispielen von Judenfeindlichkeit aus allen Lebensbereichen blieb einem das Lachen so manches Mal im Halse stecken. Leider galt f\u00fcr die Ausstellung ein Fotografie-Verbot, so dass wir hier keine Bilder davon zeigen k\u00f6nnen. Aber f\u00fcr die Anthologie k\u00f6nnen wir an dieser Stelle eine klare Kaufempfehlung aussprechen!<\/p>\n<p style=\"text-align: justify;\">Wer genug vom Schlendern zwischen den St\u00e4nden hatte, konnte sich entweder mit dem neu erworbenen Lesefutter in eine der zahlreichen ruhigen Ecken der Halle zur\u00fcckziehen oder eine der zahlreichen Lesungen besuchen. Zudem wurde bestens f\u00fcrs leibliche Wohl gesorgt, egal ob man lediglich Koffeinnachschub am Coffee-Bike tanken oder etwas gehaltvollere Nahrung an den Food-Trucks im Au\u00dfenbereich konsumieren wollte.<\/p>\n<p style=\"text-align: justify;\"><a href=\"http:\/\/www.schubladenfrei.com\/cms\/wp-content\/uploads\/2021\/12\/BB2021_15.jpg\"><img loading=\"lazy\" class=\"aligncenter size-medium wp-image-8816\" src=\"http:\/\/www.schubladenfrei.com\/cms\/wp-content\/uploads\/2021\/12\/BB2021_15-300x169.jpg\" alt=\"BB2021_15\" width=\"300\" height=\"169\" srcset=\"https:\/\/www.schubladenfrei.com\/cms\/wp-content\/uploads\/2021\/12\/BB2021_15-300x169.jpg 300w, https:\/\/www.schubladenfrei.com\/cms\/wp-content\/uploads\/2021\/12\/BB2021_15-1024x576.jpg 1024w\" sizes=\"(max-width: 300px) 100vw, 300px\" \/><\/a><\/p>\n<p style=\"text-align: justify;\">Alles in allem war die BuchBerlin 2021 also wieder einmal eine gelungene Veranstaltung, auf der wir gerne noch viel mehr Zeit verbracht h\u00e4tten. Wir freuen uns auf jeden Fall schon sehr aufs n\u00e4chste Jahr!<\/p>\n<div id='gallery-1' class='gallery galleryid-8805 gallery-columns-3 gallery-size-thumbnail'><dl class='gallery-item'>\n\t\t\t<dt class='gallery-icon landscape'>\n\t\t\t\t<a href='https:\/\/www.schubladenfrei.com\/cms\/aktuelles\/buchberlin-2021-impressionen-und-fundstuecke\/attachment\/bb2021_3\/'><img width=\"150\" height=\"150\" src=\"https:\/\/www.schubladenfrei.com\/cms\/wp-content\/uploads\/2021\/12\/BB2021_3-150x150.jpg\" class=\"attachment-thumbnail size-thumbnail\" alt=\"\" loading=\"lazy\" \/><\/a>\n\t\t\t<\/dt><\/dl><dl class='gallery-item'>\n\t\t\t<dt class='gallery-icon landscape'>\n\t\t\t\t<a href='https:\/\/www.schubladenfrei.com\/cms\/aktuelles\/buchberlin-2021-impressionen-und-fundstuecke\/attachment\/bb2021_10\/'><img width=\"150\" height=\"150\" src=\"https:\/\/www.schubladenfrei.com\/cms\/wp-content\/uploads\/2021\/12\/BB2021_10-150x150.jpg\" class=\"attachment-thumbnail size-thumbnail\" alt=\"\" loading=\"lazy\" \/><\/a>\n\t\t\t<\/dt><\/dl><dl class='gallery-item'>\n\t\t\t<dt class='gallery-icon portrait'>\n\t\t\t\t<a href='https:\/\/www.schubladenfrei.com\/cms\/aktuelles\/buchberlin-2021-impressionen-und-fundstuecke\/attachment\/bb2021_11-2\/'><img width=\"150\" height=\"150\" src=\"https:\/\/www.schubladenfrei.com\/cms\/wp-content\/uploads\/2021\/12\/BB2021_111-150x150.jpg\" class=\"attachment-thumbnail size-thumbnail\" alt=\"\" loading=\"lazy\" \/><\/a>\n\t\t\t<\/dt><\/dl><br style=\"clear: both\" \/><dl class='gallery-item'>\n\t\t\t<dt class='gallery-icon portrait'>\n\t\t\t\t<a href='https:\/\/www.schubladenfrei.com\/cms\/aktuelles\/buchberlin-2021-impressionen-und-fundstuecke\/attachment\/bb2021_13\/'><img width=\"150\" height=\"150\" src=\"https:\/\/www.schubladenfrei.com\/cms\/wp-content\/uploads\/2021\/12\/BB2021_13-150x150.jpg\" class=\"attachment-thumbnail size-thumbnail\" alt=\"\" loading=\"lazy\" \/><\/a>\n\t\t\t<\/dt><\/dl><dl class='gallery-item'>\n\t\t\t<dt class='gallery-icon portrait'>\n\t\t\t\t<a href='https:\/\/www.schubladenfrei.com\/cms\/aktuelles\/buchberlin-2021-impressionen-und-fundstuecke\/attachment\/bb2021_14\/'><img width=\"150\" height=\"150\" src=\"https:\/\/www.schubladenfrei.com\/cms\/wp-content\/uploads\/2021\/12\/BB2021_14-150x150.jpg\" class=\"attachment-thumbnail size-thumbnail\" alt=\"\" loading=\"lazy\" \/><\/a>\n\t\t\t<\/dt><\/dl><dl class='gallery-item'>\n\t\t\t<dt class='gallery-icon portrait'>\n\t\t\t\t<a href='https:\/\/www.schubladenfrei.com\/cms\/aktuelles\/buchberlin-2021-impressionen-und-fundstuecke\/attachment\/bb2021_16\/'><img width=\"150\" height=\"150\" src=\"https:\/\/www.schubladenfrei.com\/cms\/wp-content\/uploads\/2021\/12\/BB2021_16-150x150.jpg\" class=\"attachment-thumbnail size-thumbnail\" alt=\"\" loading=\"lazy\" \/><\/a>\n\t\t\t<\/dt><\/dl><br style=\"clear: both\" \/><dl class='gallery-item'>\n\t\t\t<dt class='gallery-icon landscape'>\n\t\t\t\t<a href='https:\/\/www.schubladenfrei.com\/cms\/aktuelles\/buchberlin-2021-impressionen-und-fundstuecke\/attachment\/bb2021_17\/'><img width=\"150\" height=\"150\" src=\"https:\/\/www.schubladenfrei.com\/cms\/wp-content\/uploads\/2021\/12\/BB2021_17-150x150.jpg\" class=\"attachment-thumbnail size-thumbnail\" alt=\"\" loading=\"lazy\" \/><\/a>\n\t\t\t<\/dt><\/dl><dl class='gallery-item'>\n\t\t\t<dt class='gallery-icon portrait'>\n\t\t\t\t<a href='https:\/\/www.schubladenfrei.com\/cms\/aktuelles\/buchberlin-2021-impressionen-und-fundstuecke\/attachment\/bb2021_19\/'><img width=\"150\" height=\"150\" src=\"https:\/\/www.schubladenfrei.com\/cms\/wp-content\/uploads\/2021\/12\/BB2021_19-150x150.jpg\" class=\"attachment-thumbnail size-thumbnail\" alt=\"\" loading=\"lazy\" \/><\/a>\n\t\t\t<\/dt><\/dl><dl class='gallery-item'>\n\t\t\t<dt class='gallery-icon portrait'>\n\t\t\t\t<a href='https:\/\/www.schubladenfrei.com\/cms\/aktuelles\/buchberlin-2021-impressionen-und-fundstuecke\/attachment\/bb2021_23\/'><img width=\"150\" height=\"150\" src=\"https:\/\/www.schubladenfrei.com\/cms\/wp-content\/uploads\/2021\/12\/BB2021_23-150x150.jpg\" class=\"attachment-thumbnail size-thumbnail\" alt=\"\" loading=\"lazy\" \/><\/a>\n\t\t\t<\/dt><\/dl><br style=\"clear: both\" \/><dl class='gallery-item'>\n\t\t\t<dt class='gallery-icon portrait'>\n\t\t\t\t<a href='https:\/\/www.schubladenfrei.com\/cms\/aktuelles\/buchberlin-2021-impressionen-und-fundstuecke\/attachment\/bb2021_20\/'><img width=\"150\" height=\"150\" src=\"https:\/\/www.schubladenfrei.com\/cms\/wp-content\/uploads\/2021\/12\/BB2021_20-150x150.jpg\" class=\"attachment-thumbnail size-thumbnail\" alt=\"\" loading=\"lazy\" \/><\/a>\n\t\t\t<\/dt><\/dl><dl class='gallery-item'>\n\t\t\t<dt class='gallery-icon portrait'>\n\t\t\t\t<a href='https:\/\/www.schubladenfrei.com\/cms\/aktuelles\/buchberlin-2021-impressionen-und-fundstuecke\/attachment\/bb2021_21\/'><img width=\"150\" height=\"150\" src=\"https:\/\/www.schubladenfrei.com\/cms\/wp-content\/uploads\/2021\/12\/BB2021_21-150x150.jpg\" class=\"attachment-thumbnail size-thumbnail\" alt=\"\" loading=\"lazy\" \/><\/a>\n\t\t\t<\/dt><\/dl>\n\t\t\t<br style='clear: both' \/>\n\t\t<\/div>\n\n<p style=\"text-align: justify;\">\n","protected":false},"excerpt":{"rendered":"<p>Dass die BuchBerlin 2021 tats\u00e4chlich live und in echt stattfinden konnte, erscheint wenige Wochen danach angesichts der derzeitigen Situation fast schon wie ein kleines Wunder. Leider war die Zeit, die wir dort verbringen konnten, viel zu kurz bemessen, so dass &hellip; <a href=\"https:\/\/www.schubladenfrei.com\/cms\/aktuelles\/buchberlin-2021-impressionen-und-fundstuecke\/\">Weiterlesen <span class=\"meta-nav\">&rarr;<\/span><\/a><\/p>\n","protected":false},"author":10,"featured_media":0,"comment_status":"open","ping_status":"open","sticky":false,"template":"","format":"standard","meta":[],"categories":[4,207,147],"tags":[206,658,220,661,633,657,666,210,166,664,662,663,660,659,665],"_links":{"self":[{"href":"https:\/\/www.schubladenfrei.com\/cms\/wp-json\/wp\/v2\/posts\/8805"}],"collection":[{"href":"https:\/\/www.schubladenfrei.com\/cms\/wp-json\/wp\/v2\/posts"}],"about":[{"href":"https:\/\/www.schubladenfrei.com\/cms\/wp-json\/wp\/v2\/types\/post"}],"author":[{"embeddable":true,"href":"https:\/\/www.schubladenfrei.com\/cms\/wp-json\/wp\/v2\/users\/10"}],"replies":[{"embeddable":true,"href":"https:\/\/www.schubladenfrei.com\/cms\/wp-json\/wp\/v2\/comments?post=8805"}],"version-history":[{"count":1,"href":"https:\/\/www.schubladenfrei.com\/cms\/wp-json\/wp\/v2\/posts\/8805\/revisions"}],"predecessor-version":[{"id":8833,"href":"https:\/\/www.schubladenfrei.com\/cms\/wp-json\/wp\/v2\/posts\/8805\/revisions\/8833"}],"wp:attachment":[{"href":"https:\/\/www.schubladenfrei.com\/cms\/wp-json\/wp\/v2\/media?parent=8805"}],"wp:term":[{"taxonomy":"category","embeddable":true,"href":"https:\/\/www.schubladenfrei.com\/cms\/wp-json\/wp\/v2\/categories?post=8805"},{"taxonomy":"post_tag","embeddable":true,"href":"https:\/\/www.schubladenfrei.com\/cms\/wp-json\/wp\/v2\/tags?post=8805"}],"curies":[{"name":"wp","href":"https:\/\/api.w.org\/{rel}","templated":true}]}}