{"id":8459,"date":"2018-08-01T22:11:02","date_gmt":"2018-08-01T20:11:02","guid":{"rendered":"http:\/\/www.schubladenfrei.com\/cms\/?p=8459"},"modified":"2018-08-02T12:34:03","modified_gmt":"2018-08-02T10:34:03","slug":"festival-medival-xi-das-beste","status":"publish","type":"post","link":"https:\/\/www.schubladenfrei.com\/cms\/aktuelles\/festival-medival-xi-das-beste\/","title":{"rendered":"Festival Medival XI \u2013 Das Beste"},"content":{"rendered":"<p style=\"text-align: justify;\"><a href=\"http:\/\/www.schubladenfrei.com\/cms\/wp-content\/uploads\/2018\/07\/Teaserplakat.jpg\"><img loading=\"lazy\" class=\"aligncenter size-medium wp-image-8457\" src=\"http:\/\/www.schubladenfrei.com\/cms\/wp-content\/uploads\/2018\/07\/Teaserplakat-213x300.jpg\" alt=\"Teaserplakat\" width=\"213\" height=\"300\" srcset=\"https:\/\/www.schubladenfrei.com\/cms\/wp-content\/uploads\/2018\/07\/Teaserplakat-213x300.jpg 213w, https:\/\/www.schubladenfrei.com\/cms\/wp-content\/uploads\/2018\/07\/Teaserplakat-728x1024.jpg 728w\" sizes=\"(max-width: 213px) 100vw, 213px\" \/><\/a>\u201eEin \u201aBest-of-10-Years\u2018 kann man erst im elften Jahr machen.\u201c \u2013 Recht hat er, der \u201eBl\u00e4cky\u201c Schwarz! Und das W\u00f6rtchen \u201ebest\u201c ist hier auch wirklich nicht untertrieben! Was er und sein Team in diesem Jahr zur elften Ausgabe des Festival Mediaval pr\u00e4sentieren, ist ohne Zweifel das beste Line-Up, das es bei einem Mittelalter- und (Pagan-)Folk-Festival in Deutschland jemals auf der B\u00fchne zu erleben gab. Gab? Gibt! Denn noch steht das Ganze ja erst bevor. Was sich vom 06. bis zum 08. September in Selb versammeln wird, ist jedenfalls nicht nur die Cr\u00e8me de la Cr\u00e8me der einschl\u00e4gigen Szene, sondern reicht weit dar\u00fcber hinaus.<\/p>\n<p style=\"text-align: justify;\"><!--more--><\/p>\n<p style=\"text-align: justify;\"><a href=\"http:\/\/www.schubladenfrei.com\/cms\/wp-content\/uploads\/2018\/08\/Carlos_Nunez.jpg\"><img loading=\"lazy\" class=\"size-medium wp-image-8464 alignleft\" src=\"http:\/\/www.schubladenfrei.com\/cms\/wp-content\/uploads\/2018\/08\/Carlos_Nunez-300x200.jpg\" alt=\"Carlos_Nunez\" width=\"300\" height=\"200\" srcset=\"https:\/\/www.schubladenfrei.com\/cms\/wp-content\/uploads\/2018\/08\/Carlos_Nunez-300x200.jpg 300w, https:\/\/www.schubladenfrei.com\/cms\/wp-content\/uploads\/2018\/08\/Carlos_Nunez.jpg 896w\" sizes=\"(max-width: 300px) 100vw, 300px\" \/><\/a>Von Legenden der keltischen und nordischen Musik (CARLOS N\u00da\u00d1EZ, ALAN STIVELL, GARMARNA) bis hin zu Heavy Metal Acts (WINTERSTORM, AND THEN SHE CAME) bietet das Festival Mediaval eine wahrlich schubladenfreie musikalische\u00a0Bandbreite, die doch irgendwie\u00a0wunderbar zusammenpasst.<\/p>\n<p style=\"text-align: justify;\">Weitere Highlights in diesem Jahr sind mit Sicherheit das Fantastical \u201eDer Fluch des Drachen\u201c von und mit CORVUS CORAX, der Doppelauftritt von SCHAND<img loading=\"lazy\" class=\" size-medium wp-image-8465 alignright\" src=\"http:\/\/www.schubladenfrei.com\/cms\/wp-content\/uploads\/2018\/08\/Garmarna-300x200.jpg\" alt=\"Garmarna\" width=\"300\" height=\"200\" srcset=\"https:\/\/www.schubladenfrei.com\/cms\/wp-content\/uploads\/2018\/08\/Garmarna-300x200.jpg 300w, https:\/\/www.schubladenfrei.com\/cms\/wp-content\/uploads\/2018\/08\/Garmarna.jpg 900w\" sizes=\"(max-width: 300px) 100vw, 300px\" \/>MAUL (rockig &amp; akustisch) und die in diesem Jahr weltweit einzige Liveshow von OMNIA. Die Holl\u00e4nder haben sich daf\u00fcr etwas ganz besonderes ausgedacht und ihre Band kurzerhand zum Kollektiv erweitert, an dem illustre Musiker aus anderen bekannten Bands beteiligt sind, unter anderem von SEED PAGANFOLK, SHIREEN oder EUZEN.<\/p>\n<p style=\"text-align: justify;\">So ganz \u201enebenbei\u201c spielen dann noch [Ironie an] so ein paar unbekanntere Bands wie SUBWAY TO SALLY, VERSENGOLD, FIDDLERS GREEN, CARA, ESTAMPIE, QNTAL, POETA MAGICA oder BERLINSKI BEAT [Ironie wieder aus].<\/p>\n<p style=\"text-align: justify;\"><a href=\"http:\/\/www.schubladenfrei.com\/cms\/wp-content\/uploads\/2018\/08\/CC-FdD.jpg\"><img loading=\"lazy\" class=\"aligncenter size-medium wp-image-8460\" src=\"http:\/\/www.schubladenfrei.com\/cms\/wp-content\/uploads\/2018\/08\/CC-FdD-300x205.jpg\" alt=\"CC-FdD\" width=\"300\" height=\"205\" srcset=\"https:\/\/www.schubladenfrei.com\/cms\/wp-content\/uploads\/2018\/08\/CC-FdD-300x205.jpg 300w, https:\/\/www.schubladenfrei.com\/cms\/wp-content\/uploads\/2018\/08\/CC-FdD.jpg 960w\" sizes=\"(max-width: 300px) 100vw, 300px\" \/><\/a><\/p>\n<p style=\"text-align: justify;\">F\u00fcr B\u00fccherfreunde lockt das in diesem Jahr ebenfalls sehr prominent besetzte Literaturzelt (u.a. TANJA KINKEL, SUSANNE PAVLOVIC, LUCI VAN ORG, BERHARD HEN<a href=\"http:\/\/www.schubladenfrei.com\/cms\/wp-content\/uploads\/2018\/08\/TanjaKinkel_02_72dpi.jpg\"><img loading=\"lazy\" class=\"size-medium wp-image-8467 alignleft\" src=\"http:\/\/www.schubladenfrei.com\/cms\/wp-content\/uploads\/2018\/08\/TanjaKinkel_02_72dpi-300x146.jpg\" alt=\"TanjaKinkel_02_72dpi\" width=\"300\" height=\"146\" srcset=\"https:\/\/www.schubladenfrei.com\/cms\/wp-content\/uploads\/2018\/08\/TanjaKinkel_02_72dpi-300x146.jpg 300w, https:\/\/www.schubladenfrei.com\/cms\/wp-content\/uploads\/2018\/08\/TanjaKinkel_02_72dpi.jpg 740w\" sizes=\"(max-width: 300px) 100vw, 300px\" \/><\/a>NEN, TOMMY KRAPPWEIS, CHRISTIAN VON ASTER), dazu kommen wie immer Workshops, Lager, Piratenbucht,\u00a0Drachenkampf- und Raubvogel-Shows sowie jede Menge Akrobatik, Kleinkunst und Walking Acts. Nicht zu vergessen nat\u00fcrlich die geradezu magische Atmosph\u00e4re des Goldbergs und\u00a0das gro\u00dfartige Publikum, das das Festival erst vollst\u00e4ndig zu dem macht, was es ist: das sch\u00f6nste \u201eFamilientreffen\u201c im Jahr!<\/p>\n<p style=\"text-align: justify;\"><a href=\"http:\/\/www.schubladenfrei.com\/cms\/wp-content\/uploads\/2018\/08\/Tommy_Krappweis.jpg\"><img loading=\"lazy\" class=\"aligncenter size-medium wp-image-8462\" src=\"http:\/\/www.schubladenfrei.com\/cms\/wp-content\/uploads\/2018\/08\/Tommy_Krappweis-300x235.jpg\" alt=\"Tommy_Krappweis\" width=\"300\" height=\"235\" srcset=\"https:\/\/www.schubladenfrei.com\/cms\/wp-content\/uploads\/2018\/08\/Tommy_Krappweis-300x235.jpg 300w, https:\/\/www.schubladenfrei.com\/cms\/wp-content\/uploads\/2018\/08\/Tommy_Krappweis.jpg 767w\" sizes=\"(max-width: 300px) 100vw, 300px\" \/><\/a><\/p>\n<p style=\"text-align: justify;\">Das vollst\u00e4ndige Lineup und nat\u00fcrlich Antworten auf alle praktischen Fragen rund ums\u00a0XIte Mediaval\u00a0findet Ihr auf der\u00a0<a href=\"http:\/\/www.festival-mediaval.de\/\">Festival-Homepage<\/a>.<\/p>\n<p style=\"text-align: justify;\">Wir begleiten das Festival bereits seit langem und k\u00f6nnen die Tage auf dem Goldberg nur jedem w\u00e4rmstens ans Herz legen! Wer sich einen Eindruck verschaffen m\u00f6chte, findet hier unsere Berichte aus den letzten beiden Jahren:<\/p>\n<p style=\"text-align: center;\"><a href=\"http:\/\/www.schubladenfrei.com\/cms\/aktuelles\/festival-mediaval-x\/\">Festival Mediaval 2017<\/a><\/p>\n<p style=\"text-align: center;\"><a href=\"http:\/\/www.schubladenfrei.com\/cms\/aktuelles\/festival-mediaval-2016\/\">Festival Mediaval 2016\u00a0<\/a><\/p>\n","protected":false},"excerpt":{"rendered":"<p>\u201eEin \u201aBest-of-10-Years\u2018 kann man erst im elften Jahr machen.\u201c \u2013 Recht hat er, der \u201eBl\u00e4cky\u201c Schwarz! Und das W\u00f6rtchen \u201ebest\u201c ist hier auch wirklich nicht untertrieben! Was er und sein Team in diesem Jahr zur elften Ausgabe des Festival Mediaval &hellip; <a href=\"https:\/\/www.schubladenfrei.com\/cms\/aktuelles\/festival-medival-xi-das-beste\/\">Weiterlesen <span class=\"meta-nav\">&rarr;<\/span><\/a><\/p>\n","protected":false},"author":10,"featured_media":0,"comment_status":"open","ping_status":"open","sticky":false,"template":"","format":"standard","meta":[],"categories":[4,168],"tags":[33,542,215,169,547,546,548,212,176,545,214,544,543,187,14,219,201,445,224,213,541],"_links":{"self":[{"href":"https:\/\/www.schubladenfrei.com\/cms\/wp-json\/wp\/v2\/posts\/8459"}],"collection":[{"href":"https:\/\/www.schubladenfrei.com\/cms\/wp-json\/wp\/v2\/posts"}],"about":[{"href":"https:\/\/www.schubladenfrei.com\/cms\/wp-json\/wp\/v2\/types\/post"}],"author":[{"embeddable":true,"href":"https:\/\/www.schubladenfrei.com\/cms\/wp-json\/wp\/v2\/users\/10"}],"replies":[{"embeddable":true,"href":"https:\/\/www.schubladenfrei.com\/cms\/wp-json\/wp\/v2\/comments?post=8459"}],"version-history":[{"count":2,"href":"https:\/\/www.schubladenfrei.com\/cms\/wp-json\/wp\/v2\/posts\/8459\/revisions"}],"predecessor-version":[{"id":8468,"href":"https:\/\/www.schubladenfrei.com\/cms\/wp-json\/wp\/v2\/posts\/8459\/revisions\/8468"}],"wp:attachment":[{"href":"https:\/\/www.schubladenfrei.com\/cms\/wp-json\/wp\/v2\/media?parent=8459"}],"wp:term":[{"taxonomy":"category","embeddable":true,"href":"https:\/\/www.schubladenfrei.com\/cms\/wp-json\/wp\/v2\/categories?post=8459"},{"taxonomy":"post_tag","embeddable":true,"href":"https:\/\/www.schubladenfrei.com\/cms\/wp-json\/wp\/v2\/tags?post=8459"}],"curies":[{"name":"wp","href":"https:\/\/api.w.org\/{rel}","templated":true}]}}