{"id":7981,"date":"2017-11-06T22:59:38","date_gmt":"2017-11-06T21:59:38","guid":{"rendered":"http:\/\/www.schubladenfrei.com\/cms\/?p=7981"},"modified":"2017-11-06T23:56:52","modified_gmt":"2017-11-06T22:56:52","slug":"wardrunakaunan-berlin-huxleys","status":"publish","type":"post","link":"https:\/\/www.schubladenfrei.com\/cms\/aktuelles\/wardrunakaunan-berlin-huxleys\/","title":{"rendered":"WARDRUNA \/ KAUNAN \u2013 Berlin, Huxleys"},"content":{"rendered":"<p style=\"text-align: justify;\"><a href=\"http:\/\/www.schubladenfrei.com\/cms\/wp-content\/uploads\/2017\/11\/Wardruna1.jpg\"><img loading=\"lazy\" class=\"size-medium wp-image-7989 aligncenter\" src=\"http:\/\/www.schubladenfrei.com\/cms\/wp-content\/uploads\/2017\/11\/Wardruna1-300x200.jpg\" alt=\"Wardruna1\" width=\"300\" height=\"200\" srcset=\"https:\/\/www.schubladenfrei.com\/cms\/wp-content\/uploads\/2017\/11\/Wardruna1-300x200.jpg 300w, https:\/\/www.schubladenfrei.com\/cms\/wp-content\/uploads\/2017\/11\/Wardruna1.jpg 1000w\" sizes=\"(max-width: 300px) 100vw, 300px\" \/><\/a>Livekonzerte von <a href=\"http:\/\/www.wardruna.com\/\" target=\"_blank\">WARDRUNA<\/a>\u00a0sind hierzulande ja eher eine Seltenheit. Nachdem die Band bei ihrer Europatournee im November letzten Jahres lediglich in Leipzig Station gemacht hatte, standen bei der diesj\u00e4hrigen Herbsttour mit Heidelberg und Berlin zumindest zwei deutsche St\u00e4dte auf dem Plan. F\u00fcr den Zuspruch, den die Norweger derzeit bekommen ist das nat\u00fcrlich immer noch zu wenig und so war es nicht verwunderlich, dass das Konzert im Neuk\u00f6llner Huxleys restlos ausverkauft war.<\/p>\n<p style=\"text-align: justify;\"><!--more--><\/p>\n<p style=\"text-align: justify;\">Schon als man sich der Halle n\u00e4herte, sah man eine lange Schlange, die vom Hof bis hinaus auf den B\u00fcrgersteig reichte. Der Kultstatus, den die Nordic-Mystic-Folker inzwischen erlangt haben, ist haupts\u00e4chlich auf die kanadisch-irische Fernsehserie \u201eVikings\u201c zur\u00fcckzuf\u00fchren. Nachdem bereits in der ersten Staffel der History-Channel-Produktion einige der Songs von <a href=\"http:\/\/www.wardruna.com\/\" target=\"_blank\">WARDRUNA<\/a> auftauchten, arbeitet Mastermind und Frontmann Einar Selvik seit der zweiten Staffel eng mit dem Soundtrack-Komponisten Trevor Morris zusammen. Inzwischen hatte er sogar zwei kleine schauspielerische Gastauftritt in der Serie (in Episode III\/6 und IV\/6 als Schamane).<\/p>\n<p style=\"text-align: justify;\"><a href=\"http:\/\/www.schubladenfrei.com\/cms\/wp-content\/uploads\/2017\/11\/Kaunan3.jpg\"><img loading=\"lazy\" class=\"alignleft size-medium wp-image-7984\" src=\"http:\/\/www.schubladenfrei.com\/cms\/wp-content\/uploads\/2017\/11\/Kaunan3-300x200.jpg\" alt=\"Kaunan3\" width=\"300\" height=\"200\" srcset=\"https:\/\/www.schubladenfrei.com\/cms\/wp-content\/uploads\/2017\/11\/Kaunan3-300x200.jpg 300w, https:\/\/www.schubladenfrei.com\/cms\/wp-content\/uploads\/2017\/11\/Kaunan3.jpg 1000w\" sizes=\"(max-width: 300px) 100vw, 300px\" \/><\/a>Doch bevor Meister Selvik und seine Mitstreiter die B\u00fchne betraten, gab es erst einmal einen Supportact zu genie\u00dfen und das ist in dem Fall w\u00f6rtlich zu nehmen, denn die Musik von <a href=\"https:\/\/kaunan.bandcamp.com\/\" target=\"_blank\">KAUNAN<\/a> ist es alleine schon wert, ein Konzert zu besuchen. Oliver S. Tyr, Boris Koller und G\u00f6ran Hallmarken haben es sich auf die Fahnen geschrieben, die alte skandinavische Tanzmusik wieder mit Leben zu f\u00fcllen und die traditionellen Polskor und Walzer des Trios bringen das Tanzbein ganz automatisch zum Zucken oder laden \u2013 bei weniger bewegungsaffinen Menschen \u2013 zumindest zum Mitwippen ein.<\/p>\n<p style=\"text-align: justify;\"><a href=\"http:\/\/www.schubladenfrei.com\/cms\/wp-content\/uploads\/2017\/11\/Kaunan7.jpg\"><img loading=\"lazy\" class=\"size-medium wp-image-7988 alignright\" src=\"http:\/\/www.schubladenfrei.com\/cms\/wp-content\/uploads\/2017\/11\/Kaunan7-300x200.jpg\" alt=\"Kaunan7\" width=\"300\" height=\"200\" srcset=\"https:\/\/www.schubladenfrei.com\/cms\/wp-content\/uploads\/2017\/11\/Kaunan7-300x200.jpg 300w, https:\/\/www.schubladenfrei.com\/cms\/wp-content\/uploads\/2017\/11\/Kaunan7.jpg 1000w\" sizes=\"(max-width: 300px) 100vw, 300px\" \/><\/a>Obwohl die Tunes derart energiegeladen daherkamen, riss es die Musiker in keinem Moment von ihren St\u00fchlen. Kein Wunder, denn ein Motto der Band, das sie auch auf ihrer Facebookseite propagiert, lautet: \u201eWir werden niemals stehen!\u201c Nun gut, einst schworen die drei auch, sie seien ein reines Liveprojekt und w\u00fcrden nie eine CD aufnehmen. Diesem Vorsatz ist die Gruppe nach neun (!) Jahren mit ihrem Deb\u00fct \u201e<a href=\"http:\/\/www.schubladenfrei.com\/cms\/gehoert\/musik\/kaunan-forn-cd-review\/\">Forn<\/a>\u201c nun ja bekanntlich untreu geworden und Oli wurde an diesem Abend auch nicht m\u00fcde, in seinen Ansagen auf den Silberling hinzuweisen (\u201esonst schlagen mich meine Bandkollegen\u201c). Vielleicht erleben wir ja auch irgendwann noch ein <a href=\"https:\/\/kaunan.bandcamp.com\/\" target=\"_blank\">KAUNAN<\/a>-Konzert im Stehen? Aber eigentlich egal, denn auch festgeklebt auf ihren St\u00fchlen machen die drei geh\u00f6rig Dampf.<\/p>\n<p style=\"text-align: justify;\"><a href=\"http:\/\/www.schubladenfrei.com\/cms\/wp-content\/uploads\/2017\/11\/Kaunan4.jpg\"><img loading=\"lazy\" class=\"alignleft size-medium wp-image-7985\" src=\"http:\/\/www.schubladenfrei.com\/cms\/wp-content\/uploads\/2017\/11\/Kaunan4-300x200.jpg\" alt=\"Kaunan4\" width=\"300\" height=\"200\" srcset=\"https:\/\/www.schubladenfrei.com\/cms\/wp-content\/uploads\/2017\/11\/Kaunan4-300x200.jpg 300w, https:\/\/www.schubladenfrei.com\/cms\/wp-content\/uploads\/2017\/11\/Kaunan4.jpg 1000w\" sizes=\"(max-width: 300px) 100vw, 300px\" \/><\/a>Ein wenig entt\u00e4uschend war nur, dass der Song \u201eVall\u00e5t\u201c, bei dem Einar auf der CD als Gast mitsingt, nicht Teil der Setlist war. Klar fehlte da noch seine Duettpartnerin vom Album, Maria Franz, aber wenn schon mal 50% des Duos anwesend waren, h\u00e4tte man das doch eigentlich machen k\u00f6nnen, schlie\u00dflich w\u00e4re Lindy Fay Hella ja kein schlechter Ersatz gewesen. Schade. Aber das war auch schon der einzige Wermutstropfen. Ansonsten waren <a href=\"https:\/\/kaunan.bandcamp.com\/\" target=\"_blank\">KAUNAN<\/a> an dem Abend eine wunderbare Einstimmung auf <a href=\"http:\/\/www.wardruna.com\/\" target=\"_blank\">WARDRUNA<\/a>.<\/p>\n<p style=\"text-align: justify;\">Die setzten nach der guten Performance ihrer Vorband erwartungsgem\u00e4\u00df noch einen drauf. Angefangen mit dem genialen Intro \u201eTyr\u201c, bei dem zwei Nachbauten bronzezeitlicher Luren zum Einsatz kamen, bis zum genialen Schlusspunkt, der Zugabe mit Einars Solo-Performance von \u201eSnake Pit Poetry\u201c, zelebrierten die Norweger Musik aus einer anderen Welt.<\/p>\n<p style=\"text-align: justify;\"><a href=\"http:\/\/www.schubladenfrei.com\/cms\/wp-content\/uploads\/2017\/11\/Wardruna7.jpg\"><img loading=\"lazy\" class=\"size-medium wp-image-7995 alignright\" src=\"http:\/\/www.schubladenfrei.com\/cms\/wp-content\/uploads\/2017\/11\/Wardruna7-300x200.jpg\" alt=\"Wardruna7\" width=\"300\" height=\"200\" srcset=\"https:\/\/www.schubladenfrei.com\/cms\/wp-content\/uploads\/2017\/11\/Wardruna7-300x200.jpg 300w, https:\/\/www.schubladenfrei.com\/cms\/wp-content\/uploads\/2017\/11\/Wardruna7.jpg 1000w\" sizes=\"(max-width: 300px) 100vw, 300px\" \/><\/a>Nat\u00fcrlich waren Einar und Lindy Fay Hella schon allein wegen des Gesangs die beiden, die bei der Show klar im Fokus standen, man sollte jedoch dabei auch die anderen Bandmitglieder nicht vergessen. Die standen zwar im wahrsten Sinne des Wortes, auch was die (\u00fcbrigens sehr geniale) Lightshow angeht, oft im Schatten, aber die Musik von <a href=\"http:\/\/www.wardruna.com\/\" target=\"_blank\">WARDRUNA<\/a> funktioniert als Einheit.<\/p>\n<p style=\"text-align: justify;\">Das, was die Band da ablieferte, ist schwer in Worte zu fassen, es war jedenfalls mehr als ein normales Konzert. Das hatte schon eher etwas von einer spirituellen Erfahrung. Ich will um Gottes Willen (haha!) das Ganze jetzt nicht zu sehr religi\u00f6s \u00fcberh\u00f6hen. Das Gef\u00fchl ist in diesem Fall \u00fcbrigens auch nicht an eine bestimmte Religion oder Region gebunden. Im Gegenteil, ich denke, dass auch jemand, der mit nordischer Musik oder Mythologie sonst nichts am Hut hat, beispielsweise jemand aus Afrika oder Asien, in diesem Live-Moment den speziellen Charakter der Musik erkannt und gesp\u00fcrt h\u00e4tte, wenn er auch nur ein klein wenig offen f\u00fcr derartige Schwingungen ist. (Es soll ja so Menschen geben, an denen Musik generell abprallt wie an einem Stein\u2026)<\/p>\n<p style=\"text-align: justify;\"><a href=\"http:\/\/www.schubladenfrei.com\/cms\/wp-content\/uploads\/2017\/11\/Wardruna3.jpg\"><img loading=\"lazy\" class=\"alignleft size-medium wp-image-7991\" src=\"http:\/\/www.schubladenfrei.com\/cms\/wp-content\/uploads\/2017\/11\/Wardruna3-300x200.jpg\" alt=\"Wardruna3\" width=\"300\" height=\"200\" srcset=\"https:\/\/www.schubladenfrei.com\/cms\/wp-content\/uploads\/2017\/11\/Wardruna3-300x200.jpg 300w, https:\/\/www.schubladenfrei.com\/cms\/wp-content\/uploads\/2017\/11\/Wardruna3.jpg 1000w\" sizes=\"(max-width: 300px) 100vw, 300px\" \/><\/a>Die Musik wurde auch lange von keinen Ansagen unterbrochen, erst vor dem letzten Song des regul\u00e4ren Sets wandte sich Einar ans Publikum. Abgesehen davon, dass er sich beinahe ungl\u00e4ubig beim Publikum bedankte f\u00fcr so viel Interesse und Unterst\u00fctzung, machte er, vielleicht auch f\u00fcr ein paar unbelehrbare Zwischenrufer im Saal noch einmal klar, dass es bei <a href=\"http:\/\/www.wardruna.com\/\" target=\"_blank\">WARDRUNA<\/a> nicht darum geht, die Vergangenheit zu romantisieren, sondern, auf der Grundlage von etwas Altem, etwas Neues zu erschaffen. Fr\u00fcher, so Einar war die Musik Teil des Lebens und begleitete die Menschen bei Ereignissen Aussaat und Ernte, aber auch Geburt und Tod. Bei Begr\u00e4bnissen wurden die Menschen mit den Liedern in die n\u00e4chste Welt begleitet. \u201eDas letzte Lied \u201aHelvegen\u2018 ist aus dieser Idee geboren: Wer singt mich r\u00fcber, wenn ich sterbe?\u201c<\/p>\n<p style=\"text-align: justify;\"><a href=\"http:\/\/www.schubladenfrei.com\/cms\/wp-content\/uploads\/2017\/11\/Wardruna6.jpg\"><img loading=\"lazy\" class=\"size-medium wp-image-7994 alignright\" src=\"http:\/\/www.schubladenfrei.com\/cms\/wp-content\/uploads\/2017\/11\/Wardruna6-300x200.jpg\" alt=\"Wardruna6\" width=\"300\" height=\"200\" srcset=\"https:\/\/www.schubladenfrei.com\/cms\/wp-content\/uploads\/2017\/11\/Wardruna6-300x200.jpg 300w, https:\/\/www.schubladenfrei.com\/cms\/wp-content\/uploads\/2017\/11\/Wardruna6.jpg 1000w\" sizes=\"(max-width: 300px) 100vw, 300px\" \/><\/a>Der Song bildete dann auch einen gro\u00dfartigen H\u00f6he- und Schlusspunkt, der fast nicht mehr zu toppen war. Das ging tats\u00e4chlich nur noch mit der bereits erw\u00e4hnten Solo-Zugabe von Einar. Die k\u00fcrzlich als EP erschienene Vertonung eines Gedichts von Ragnar Lodbrok war in ihrer Reduziertheit tats\u00e4chlich die einzig noch m\u00f6gliche Steigerung, die das G\u00e4nsehaut-Reibeisen nochmal eine Nummer gr\u00f6ber einzustellen vermochte. Ganz, ganz gro\u00dfes Kino!<\/p>\n<p>Setlist WARDRUNA:<br \/>\n1. Tyr<br \/>\n2. Wunjo<br \/>\n3. Bjarkan<br \/>\n4. Heimta Thurs<br \/>\n5. Runaljod<br \/>\n6. Raido<br \/>\n7. Isa<br \/>\n8. Jara<br \/>\n9. Algir &#8211; Stien klarnar<br \/>\n10. Dagr<br \/>\n11. Rotlaust tre fell<br \/>\n12. Fehu<br \/>\n13. NaudiR<br \/>\n14. Odal<br \/>\n15. Helvegen<br \/>\nZugabe (Einar solo):<br \/>\n16. Snake pit poetry<\/p>\n<p>&nbsp;<\/p>\n<p style=\"text-align: justify;\">(Setlist von <a href=\"https:\/\/www.setlist.fm\/setlist\/wardruna\/2017\/huxleys-neue-welt-berlin-germany-43e33be3.html\" target=\"_blank\">Setlist.fm<\/a>)<\/p>\n<p>&nbsp;<\/p>\n<div id='gallery-1' class='gallery galleryid-7981 gallery-columns-3 gallery-size-thumbnail'><dl class='gallery-item'>\n\t\t\t<dt class='gallery-icon portrait'>\n\t\t\t\t<a href='https:\/\/www.schubladenfrei.com\/cms\/aktuelles\/wardrunakaunan-berlin-huxleys\/attachment\/wardruna12\/'><img width=\"150\" height=\"150\" src=\"https:\/\/www.schubladenfrei.com\/cms\/wp-content\/uploads\/2017\/11\/Wardruna12-150x150.jpg\" class=\"attachment-thumbnail size-thumbnail\" alt=\"\" loading=\"lazy\" \/><\/a>\n\t\t\t<\/dt><\/dl><dl class='gallery-item'>\n\t\t\t<dt class='gallery-icon landscape'>\n\t\t\t\t<a href='https:\/\/www.schubladenfrei.com\/cms\/aktuelles\/wardrunakaunan-berlin-huxleys\/attachment\/wardruna11\/'><img width=\"150\" height=\"150\" src=\"https:\/\/www.schubladenfrei.com\/cms\/wp-content\/uploads\/2017\/11\/Wardruna11-150x150.jpg\" class=\"attachment-thumbnail size-thumbnail\" alt=\"\" loading=\"lazy\" \/><\/a>\n\t\t\t<\/dt><\/dl><dl class='gallery-item'>\n\t\t\t<dt class='gallery-icon portrait'>\n\t\t\t\t<a href='https:\/\/www.schubladenfrei.com\/cms\/aktuelles\/wardrunakaunan-berlin-huxleys\/attachment\/wardruna10\/'><img width=\"150\" height=\"150\" src=\"https:\/\/www.schubladenfrei.com\/cms\/wp-content\/uploads\/2017\/11\/Wardruna10-150x150.jpg\" class=\"attachment-thumbnail size-thumbnail\" alt=\"\" loading=\"lazy\" \/><\/a>\n\t\t\t<\/dt><\/dl><br style=\"clear: both\" \/><dl class='gallery-item'>\n\t\t\t<dt class='gallery-icon portrait'>\n\t\t\t\t<a href='https:\/\/www.schubladenfrei.com\/cms\/aktuelles\/wardrunakaunan-berlin-huxleys\/attachment\/wardruna9\/'><img width=\"150\" height=\"150\" src=\"https:\/\/www.schubladenfrei.com\/cms\/wp-content\/uploads\/2017\/11\/Wardruna9-150x150.jpg\" class=\"attachment-thumbnail size-thumbnail\" alt=\"\" loading=\"lazy\" \/><\/a>\n\t\t\t<\/dt><\/dl><dl class='gallery-item'>\n\t\t\t<dt class='gallery-icon portrait'>\n\t\t\t\t<a href='https:\/\/www.schubladenfrei.com\/cms\/aktuelles\/wardrunakaunan-berlin-huxleys\/attachment\/wardruna8\/'><img width=\"150\" height=\"150\" src=\"https:\/\/www.schubladenfrei.com\/cms\/wp-content\/uploads\/2017\/11\/Wardruna8-150x150.jpg\" class=\"attachment-thumbnail size-thumbnail\" alt=\"\" loading=\"lazy\" \/><\/a>\n\t\t\t<\/dt><\/dl><dl class='gallery-item'>\n\t\t\t<dt class='gallery-icon portrait'>\n\t\t\t\t<a href='https:\/\/www.schubladenfrei.com\/cms\/aktuelles\/wardrunakaunan-berlin-huxleys\/attachment\/wardruna5\/'><img width=\"150\" height=\"150\" src=\"https:\/\/www.schubladenfrei.com\/cms\/wp-content\/uploads\/2017\/11\/Wardruna5-150x150.jpg\" class=\"attachment-thumbnail size-thumbnail\" alt=\"\" loading=\"lazy\" \/><\/a>\n\t\t\t<\/dt><\/dl><br style=\"clear: both\" \/><dl class='gallery-item'>\n\t\t\t<dt class='gallery-icon portrait'>\n\t\t\t\t<a href='https:\/\/www.schubladenfrei.com\/cms\/aktuelles\/wardrunakaunan-berlin-huxleys\/attachment\/wardruna4\/'><img width=\"150\" height=\"150\" src=\"https:\/\/www.schubladenfrei.com\/cms\/wp-content\/uploads\/2017\/11\/Wardruna4-150x150.jpg\" class=\"attachment-thumbnail size-thumbnail\" alt=\"\" loading=\"lazy\" \/><\/a>\n\t\t\t<\/dt><\/dl><dl class='gallery-item'>\n\t\t\t<dt class='gallery-icon landscape'>\n\t\t\t\t<a href='https:\/\/www.schubladenfrei.com\/cms\/aktuelles\/wardrunakaunan-berlin-huxleys\/attachment\/wardruna2\/'><img width=\"150\" height=\"150\" src=\"https:\/\/www.schubladenfrei.com\/cms\/wp-content\/uploads\/2017\/11\/Wardruna2-150x150.jpg\" class=\"attachment-thumbnail size-thumbnail\" alt=\"\" loading=\"lazy\" \/><\/a>\n\t\t\t<\/dt><\/dl><dl class='gallery-item'>\n\t\t\t<dt class='gallery-icon portrait'>\n\t\t\t\t<a href='https:\/\/www.schubladenfrei.com\/cms\/aktuelles\/wardrunakaunan-berlin-huxleys\/attachment\/kaunan6\/'><img width=\"150\" height=\"150\" src=\"https:\/\/www.schubladenfrei.com\/cms\/wp-content\/uploads\/2017\/11\/Kaunan6-150x150.jpg\" class=\"attachment-thumbnail size-thumbnail\" alt=\"\" loading=\"lazy\" \/><\/a>\n\t\t\t<\/dt><\/dl><br style=\"clear: both\" \/><dl class='gallery-item'>\n\t\t\t<dt class='gallery-icon landscape'>\n\t\t\t\t<a href='https:\/\/www.schubladenfrei.com\/cms\/aktuelles\/wardrunakaunan-berlin-huxleys\/attachment\/kaunan5\/'><img width=\"150\" height=\"150\" src=\"https:\/\/www.schubladenfrei.com\/cms\/wp-content\/uploads\/2017\/11\/Kaunan5-150x150.jpg\" class=\"attachment-thumbnail size-thumbnail\" alt=\"\" loading=\"lazy\" \/><\/a>\n\t\t\t<\/dt><\/dl><dl class='gallery-item'>\n\t\t\t<dt class='gallery-icon landscape'>\n\t\t\t\t<a href='https:\/\/www.schubladenfrei.com\/cms\/aktuelles\/wardrunakaunan-berlin-huxleys\/attachment\/kaunan4\/'><img width=\"150\" height=\"150\" src=\"https:\/\/www.schubladenfrei.com\/cms\/wp-content\/uploads\/2017\/11\/Kaunan4-150x150.jpg\" class=\"attachment-thumbnail size-thumbnail\" alt=\"\" loading=\"lazy\" \/><\/a>\n\t\t\t<\/dt><\/dl><dl class='gallery-item'>\n\t\t\t<dt class='gallery-icon landscape'>\n\t\t\t\t<a href='https:\/\/www.schubladenfrei.com\/cms\/aktuelles\/wardrunakaunan-berlin-huxleys\/attachment\/kaunan2\/'><img width=\"150\" height=\"150\" src=\"https:\/\/www.schubladenfrei.com\/cms\/wp-content\/uploads\/2017\/11\/Kaunan2-150x150.jpg\" class=\"attachment-thumbnail size-thumbnail\" alt=\"\" loading=\"lazy\" \/><\/a>\n\t\t\t<\/dt><\/dl><br style=\"clear: both\" \/><dl class='gallery-item'>\n\t\t\t<dt class='gallery-icon landscape'>\n\t\t\t\t<a href='https:\/\/www.schubladenfrei.com\/cms\/aktuelles\/wardrunakaunan-berlin-huxleys\/attachment\/kaunan1\/'><img width=\"150\" height=\"150\" src=\"https:\/\/www.schubladenfrei.com\/cms\/wp-content\/uploads\/2017\/11\/Kaunan1-150x150.jpg\" class=\"attachment-thumbnail size-thumbnail\" alt=\"\" loading=\"lazy\" \/><\/a>\n\t\t\t<\/dt><\/dl>\n\t\t\t<br style='clear: both' \/>\n\t\t<\/div>\n\n","protected":false},"excerpt":{"rendered":"<p>Livekonzerte von WARDRUNA\u00a0sind hierzulande ja eher eine Seltenheit. Nachdem die Band bei ihrer Europatournee im November letzten Jahres lediglich in Leipzig Station gemacht hatte, standen bei der diesj\u00e4hrigen Herbsttour mit Heidelberg und Berlin zumindest zwei deutsche St\u00e4dte auf dem Plan. &hellip; <a href=\"https:\/\/www.schubladenfrei.com\/cms\/aktuelles\/wardrunakaunan-berlin-huxleys\/\">Weiterlesen <span class=\"meta-nav\">&rarr;<\/span><\/a><\/p>\n","protected":false},"author":10,"featured_media":0,"comment_status":"open","ping_status":"open","sticky":false,"template":"","format":"standard","meta":[],"categories":[4,145,138],"tags":[492,176,159,491,160,416,445,223,487,490,473,489,488],"_links":{"self":[{"href":"https:\/\/www.schubladenfrei.com\/cms\/wp-json\/wp\/v2\/posts\/7981"}],"collection":[{"href":"https:\/\/www.schubladenfrei.com\/cms\/wp-json\/wp\/v2\/posts"}],"about":[{"href":"https:\/\/www.schubladenfrei.com\/cms\/wp-json\/wp\/v2\/types\/post"}],"author":[{"embeddable":true,"href":"https:\/\/www.schubladenfrei.com\/cms\/wp-json\/wp\/v2\/users\/10"}],"replies":[{"embeddable":true,"href":"https:\/\/www.schubladenfrei.com\/cms\/wp-json\/wp\/v2\/comments?post=7981"}],"version-history":[{"count":7,"href":"https:\/\/www.schubladenfrei.com\/cms\/wp-json\/wp\/v2\/posts\/7981\/revisions"}],"predecessor-version":[{"id":8007,"href":"https:\/\/www.schubladenfrei.com\/cms\/wp-json\/wp\/v2\/posts\/7981\/revisions\/8007"}],"wp:attachment":[{"href":"https:\/\/www.schubladenfrei.com\/cms\/wp-json\/wp\/v2\/media?parent=7981"}],"wp:term":[{"taxonomy":"category","embeddable":true,"href":"https:\/\/www.schubladenfrei.com\/cms\/wp-json\/wp\/v2\/categories?post=7981"},{"taxonomy":"post_tag","embeddable":true,"href":"https:\/\/www.schubladenfrei.com\/cms\/wp-json\/wp\/v2\/tags?post=7981"}],"curies":[{"name":"wp","href":"https:\/\/api.w.org\/{rel}","templated":true}]}}