{"id":7723,"date":"2017-04-29T00:00:10","date_gmt":"2017-04-28T22:00:10","guid":{"rendered":"http:\/\/www.schubladenfrei.com\/cms\/?p=7723"},"modified":"2017-05-01T00:13:53","modified_gmt":"2017-04-30T22:13:53","slug":"mila-mar-08-04-2017-berlin-gruener-salon","status":"publish","type":"post","link":"https:\/\/www.schubladenfrei.com\/cms\/aktuelles\/mila-mar-08-04-2017-berlin-gruener-salon\/","title":{"rendered":"MILA MAR \u2013 (08.04.2017) &#8211; Berlin, Gr\u00fcner Salon"},"content":{"rendered":"<p style=\"text-align: justify;\"><a href=\"http:\/\/www.schubladenfrei.com\/cms\/wp-content\/uploads\/2017\/04\/MMBerlin1.jpg\"><img loading=\"lazy\" class=\" size-medium wp-image-7725 aligncenter\" src=\"http:\/\/www.schubladenfrei.com\/cms\/wp-content\/uploads\/2017\/04\/MMBerlin1-300x200.jpg\" alt=\"MMBerlin1\" width=\"300\" height=\"200\" srcset=\"https:\/\/www.schubladenfrei.com\/cms\/wp-content\/uploads\/2017\/04\/MMBerlin1-300x200.jpg 300w, https:\/\/www.schubladenfrei.com\/cms\/wp-content\/uploads\/2017\/04\/MMBerlin1.jpg 1000w\" sizes=\"(max-width: 300px) 100vw, 300px\" \/><\/a>\u201e<span lang=\"de-DE\">Was f\u00fcr ein Theater\u201c, das haben sich wohl viele Besucher des Konzerts von <a href=\"http:\/\/www.milamar.de\" target=\"_blank\">MILA MAR<\/a> im Gr\u00fcnen Salon der Berliner Volksb\u00fchne vor einigen Wochen gedacht. Die Band selbst war daran allerdings g\u00e4nzlich unschuldig, obwohl ihr Auftritt trotz widriger Umst\u00e4nde einmal mehr gro\u00dfes Kino war. <\/span><\/p>\n<p style=\"text-align: justify;\"><!--more--><\/p>\n<p lang=\"de-DE\" style=\"text-align: justify;\"><a href=\"http:\/\/www.schubladenfrei.com\/cms\/wp-content\/uploads\/2017\/04\/MMBerlin2.jpg\"><img loading=\"lazy\" class=\" size-medium wp-image-7726 alignright\" src=\"http:\/\/www.schubladenfrei.com\/cms\/wp-content\/uploads\/2017\/04\/MMBerlin2-200x300.jpg\" alt=\"MMBerlin2\" width=\"200\" height=\"300\" srcset=\"https:\/\/www.schubladenfrei.com\/cms\/wp-content\/uploads\/2017\/04\/MMBerlin2-200x300.jpg 200w, https:\/\/www.schubladenfrei.com\/cms\/wp-content\/uploads\/2017\/04\/MMBerlin2.jpg 665w\" sizes=\"(max-width: 200px) 100vw, 200px\" \/><\/a>Eigentlich war der Beginn des Konzerts, dessen Termin bereits Monate im Voraus feststand, f\u00fcr 21 Uhr angek\u00fcndigt gewesen. Beinahe eine Stunde lang passierte jedoch zun\u00e4chst gar nichts. Schlie\u00dflich trat eine Vertreterin des Veranstalters auf die B\u00fchne und bat um Verst\u00e4ndnis, man wolle wegen eventueller St\u00f6rung durch die laute Musik das Ende der Theaterveranstaltung im gro\u00dfen Saal abwarten, in etwa 20 Minuten solle es losgehen. Besagte Veranstaltung war anscheinend erst einige Tage zuvor \u00fcberhaupt erst anberaumt worden. Die Band und der lokale Veranstalter waren jedenfalls diesbez\u00fcglich vom Haus kurzfristig vor vollendete Tatsachen gestellt worden. Damit m\u00fcsse man eben leben, schlie\u00dflich habe das \u201egro\u00dfe Haus\u201c Vorrang und eigentlich h\u00e4tte man das Konzert gerne ganz absagt. Oh wunderbarer Chauvinismus der \u201eHochkultur\u201c! Da muss man als Gast der Volksb\u00fchne also zur Kenntnis nehmen, dass man als Konzertbesucher in der Wertsch\u00e4tzung deutlich an zweiter Stelle angesiedelt ist und der Gr\u00fcne Salon scheint demnach nur der unwichtige Sidekick des hehren Kulturtempels zu sein. Ich habe in meinen beinahe 30 Jahren als Konzertg\u00e4nger schon so einiges erlebt, ein derart unprofessionelles Verhalten seitens der Betreiber einer Konzertlocation ist mir jedoch noch nicht untergekommen. Nun ja, man lernt eben nie aus&#8230;<\/p>\n<p lang=\"de-DE\" style=\"text-align: justify;\"><a href=\"http:\/\/www.schubladenfrei.com\/cms\/wp-content\/uploads\/2017\/04\/MMBerlin4.jpg\"><img loading=\"lazy\" class=\"alignleft size-medium wp-image-7728\" src=\"http:\/\/www.schubladenfrei.com\/cms\/wp-content\/uploads\/2017\/04\/MMBerlin4-300x200.jpg\" alt=\"MMBerlin4\" width=\"300\" height=\"200\" srcset=\"https:\/\/www.schubladenfrei.com\/cms\/wp-content\/uploads\/2017\/04\/MMBerlin4-300x200.jpg 300w, https:\/\/www.schubladenfrei.com\/cms\/wp-content\/uploads\/2017\/04\/MMBerlin4.jpg 1000w\" sizes=\"(max-width: 300px) 100vw, 300px\" \/><\/a>Wenig professionell war an dem Abend leider auch die Beleuchtung. Stehendes wei\u00dfes Licht aus lediglich einer handvoll Scheinwerfer ist nicht unbedingt die Umrahmung, die man sich f\u00fcr mystische Musik \u00e0 la <a href=\"http:\/\/www.milamar.de\" target=\"_blank\">MILA MAR<\/a> vorstellt. F\u00fcr ein wenig Abhilfe sorgten aber zumindest die Video-Projektionen \u2013 unter anderem das Video zum neuen Song \u201eAsche\u201c \u2013, die wenigstens f\u00fcr ein bisschen Atmosph\u00e4re sorgten.<\/p>\n<p lang=\"de-DE\" style=\"text-align: justify;\">Dass das Ganze doch noch ein richtig sch\u00f6ner Abend wurde, ist der gelassenen Abgekl\u00e4rtheit des Berliner Publikums ebenso zu verdanken wie nat\u00fcrlich der musikalischen Qualit\u00e4t und der Leidenschaft der Band. Als wollten sie den \u00c4rger \u00fcber die lange Wartezeit m\u00f6glichst schnell vergessen machen und wohl auch sich selbst von der Seele spielen, legten sich Anke, Katrin, Maaf und Lars vom ersten Song an so m\u00e4chtig ins Zeug und binnen kurzer Zeit stellte sich die angenehme G\u00e4nsehaut ein, die der f\u00fcr <a href=\"http:\/\/www.milamar.de\" target=\"_blank\">MILA MAR <\/a>Konzerte so typische Begleiter ist. Die knapp \u00fcber 100 Zuschauer, die alle ohne Ausnahme im Gr\u00fcnen Salon ausgeharrt hatten, bereiteten den Vieren dementsprechend einen \u00fcberaus herzlichen Empfang. Auch wenn die Beifallsst\u00fcrme nicht ganz so frenetisch ausfielen wie etwa beim Konzert in Leipzig zwei Monate zuvor, war deutlich zu sp\u00fcren, <a href=\"http:\/\/www.schubladenfrei.com\/cms\/wp-content\/uploads\/2017\/04\/MMBerlin5.jpg\"><img loading=\"lazy\" class=\" size-medium wp-image-7724 alignright\" src=\"http:\/\/www.schubladenfrei.com\/cms\/wp-content\/uploads\/2017\/04\/MMBerlin5-300x200.jpg\" alt=\"MMBerlin5\" width=\"300\" height=\"200\" srcset=\"https:\/\/www.schubladenfrei.com\/cms\/wp-content\/uploads\/2017\/04\/MMBerlin5-300x200.jpg 300w, https:\/\/www.schubladenfrei.com\/cms\/wp-content\/uploads\/2017\/04\/MMBerlin5.jpg 1000w\" sizes=\"(max-width: 300px) 100vw, 300px\" \/><\/a>dass auch die Fans in der Hauptstadt die Band w\u00e4hrend ihrer langen B\u00fchnenabstinenz schmerzlich vermisst hatten. Interessant im Vergleich auch, dass von den alten Songs in Berlin eindeutig die St\u00fccke vom \u201eElfensex\u201c-Album die gr\u00f6\u00dften Freudenbekundungen von Seiten des Publikums bekamen, w\u00e4hrend es in Leipzig eher die der Deb\u00fct-CD gewesen waren. Ebenfalls gut angenommen wurden von den Berlinern auch die neuen St\u00fccke wie \u201eAsche\u201c oder \u201eLou\u201c, und auch die schon aus Leipzig bekannte Joik-Impro als Zugabe fand viel Beifall.<\/p>\n<p style=\"text-align: justify;\">\u201e<span lang=\"de-DE\">War doch sch\u00f6n hier\u201c, freute sich Anke nach dem Konzert. Besonders die Resonanz bei ihren Ausfl\u00fcgen ins Publikum hatte es ihr angetan. \u201eDa habe ich wirklich eine sch\u00f6ne Verbindung gesp\u00fcrt.\u201c <\/span><\/p>\n<p lang=\"de-DE\" style=\"text-align: justify;\"><a href=\"http:\/\/www.schubladenfrei.com\/cms\/wp-content\/uploads\/2017\/04\/MMBerlin3.jpg\"><img loading=\"lazy\" class=\"alignleft size-medium wp-image-7727\" src=\"http:\/\/www.schubladenfrei.com\/cms\/wp-content\/uploads\/2017\/04\/MMBerlin3-300x200.jpg\" alt=\"MMBerlin3\" width=\"300\" height=\"200\" srcset=\"https:\/\/www.schubladenfrei.com\/cms\/wp-content\/uploads\/2017\/04\/MMBerlin3-300x200.jpg 300w, https:\/\/www.schubladenfrei.com\/cms\/wp-content\/uploads\/2017\/04\/MMBerlin3.jpg 1000w\" sizes=\"(max-width: 300px) 100vw, 300px\" \/><\/a>Auch wenn der Abend so einen vers\u00f6hnlichen Ausgang nahm, im gr\u00fcnen Salon wird man <a href=\"http:\/\/www.milamar.de\" target=\"_blank\">MILA MAR<\/a> bestimmt so schnell nicht mehr sehen. F\u00fcrs n\u00e4chste Mal habe man schon eine andere, ganz besondere Location im Kopf, verriet Geigerin Katrin. Wann die Band nach Berlin zur\u00fcckkehren wird, steht noch nicht fest. Daran, dass sie gerne zur\u00fcckkommen, lie\u00dfen die Vier allerdings keinen Zweifel.<\/p>\n<p>&nbsp;<\/p>\n<p lang=\"de-DE\" style=\"text-align: justify;\">Allen, die MILA MAR bei den bisherigen Tour-Konzerten verpasst haben, m\u00f6chten wir folgenden Termin im Sommer ans Herz legen. Da gibt es dann sogar noch zwei weitere Spitzenbands obendrauf:<\/p>\n<p>&nbsp;<\/p>\n<p lang=\"de-DE\" style=\"text-align: center;\"><strong>Schubladenfrei &amp; St. Katharina Open Air pr\u00e4sentieren:<\/strong><\/p>\n<h1 lang=\"de-DE\" style=\"text-align: center;\"><span style=\"color: #ff9900;\"><a href=\"http:\/\/www.schubladenfrei.com\/cms\/demnaechst\/veranstaltungen\/konzert-mila-mar-cara-broom-bezzums\/\">fantastic folk night<\/a><\/span><\/h1>\n<p lang=\"de-DE\" style=\"text-align: center;\">MILA MAR &#8211; CARA &#8211; BROOM BEZZUMS<\/p>\n<p lang=\"de-DE\" style=\"text-align: center;\">02.07.2017 \u2013 N\u00fcrnberg, Katahrinenruine<\/p>\n","protected":false},"excerpt":{"rendered":"<p>\u201eWas f\u00fcr ein Theater\u201c, das haben sich wohl viele Besucher des Konzerts von MILA MAR im Gr\u00fcnen Salon der Berliner Volksb\u00fchne vor einigen Wochen gedacht. Die Band selbst war daran allerdings g\u00e4nzlich unschuldig, obwohl ihr Auftritt trotz widriger Umst\u00e4nde einmal &hellip; <a href=\"https:\/\/www.schubladenfrei.com\/cms\/aktuelles\/mila-mar-08-04-2017-berlin-gruener-salon\/\">Weiterlesen <span class=\"meta-nav\">&rarr;<\/span><\/a><\/p>\n","protected":false},"author":10,"featured_media":0,"comment_status":"open","ping_status":"open","sticky":false,"template":"","format":"standard","meta":[],"categories":[4,145,138],"tags":[220,290,406,176,159,160,416,432,431],"_links":{"self":[{"href":"https:\/\/www.schubladenfrei.com\/cms\/wp-json\/wp\/v2\/posts\/7723"}],"collection":[{"href":"https:\/\/www.schubladenfrei.com\/cms\/wp-json\/wp\/v2\/posts"}],"about":[{"href":"https:\/\/www.schubladenfrei.com\/cms\/wp-json\/wp\/v2\/types\/post"}],"author":[{"embeddable":true,"href":"https:\/\/www.schubladenfrei.com\/cms\/wp-json\/wp\/v2\/users\/10"}],"replies":[{"embeddable":true,"href":"https:\/\/www.schubladenfrei.com\/cms\/wp-json\/wp\/v2\/comments?post=7723"}],"version-history":[{"count":4,"href":"https:\/\/www.schubladenfrei.com\/cms\/wp-json\/wp\/v2\/posts\/7723\/revisions"}],"predecessor-version":[{"id":7732,"href":"https:\/\/www.schubladenfrei.com\/cms\/wp-json\/wp\/v2\/posts\/7723\/revisions\/7732"}],"wp:attachment":[{"href":"https:\/\/www.schubladenfrei.com\/cms\/wp-json\/wp\/v2\/media?parent=7723"}],"wp:term":[{"taxonomy":"category","embeddable":true,"href":"https:\/\/www.schubladenfrei.com\/cms\/wp-json\/wp\/v2\/categories?post=7723"},{"taxonomy":"post_tag","embeddable":true,"href":"https:\/\/www.schubladenfrei.com\/cms\/wp-json\/wp\/v2\/tags?post=7723"}],"curies":[{"name":"wp","href":"https:\/\/api.w.org\/{rel}","templated":true}]}}