{"id":7529,"date":"2017-02-09T17:25:11","date_gmt":"2017-02-09T16:25:11","guid":{"rendered":"http:\/\/www.schubladenfrei.com\/cms\/?p=7529"},"modified":"2017-02-09T17:25:11","modified_gmt":"2017-02-09T16:25:11","slug":"eveline-scared-ep-review","status":"publish","type":"post","link":"https:\/\/www.schubladenfrei.com\/cms\/aktuelles\/eveline-scared-ep-review\/","title":{"rendered":"EVELINE &#8211; \u201eScared\u201c (EP-Review)"},"content":{"rendered":"<p style=\"text-align: justify;\"><span lang=\"de-DE\"><a href=\"http:\/\/www.schubladenfrei.com\/cms\/wp-content\/uploads\/2017\/02\/Eveline-Scared-Cover.jpg\"><img loading=\"lazy\" class=\" size-medium wp-image-7530 aligncenter\" src=\"http:\/\/www.schubladenfrei.com\/cms\/wp-content\/uploads\/2017\/02\/Eveline-Scared-Cover-300x300.jpg\" alt=\"Eveline - Scared - Cover\" width=\"300\" height=\"300\" srcset=\"https:\/\/www.schubladenfrei.com\/cms\/wp-content\/uploads\/2017\/02\/Eveline-Scared-Cover-300x300.jpg 300w, https:\/\/www.schubladenfrei.com\/cms\/wp-content\/uploads\/2017\/02\/Eveline-Scared-Cover-150x150.jpg 150w, https:\/\/www.schubladenfrei.com\/cms\/wp-content\/uploads\/2017\/02\/Eveline-Scared-Cover.jpg 800w\" sizes=\"(max-width: 300px) 100vw, 300px\" \/><\/a>Das Berliner Duo <a href=\"http:\/\/www.weareeveline.com\/\" target=\"_blank\">EVELINE<\/a> macht in der Hauptstadt schon seit etwa einem Jahr als Live Act von sich reden. Unter anderem supporteten die beiden schon K\u00fcnstler wie <\/span><span lang=\"de-DE\">Adam Lambert oder L\u00e5psley. Nun steht ihre Deb\u00fct-EP kurz vor der Ver\u00f6ffentlichung. Wir haben schon mal reingeh\u00f6rt. <\/span><\/p>\n<p style=\"text-align: justify;\"><!--more--><\/p>\n<p style=\"text-align: justify;\"><span lang=\"de-DE\">Hinter <a href=\"http:\/\/www.weareeveline.com\/\" target=\"_blank\">EVELINE<\/a> stecken S\u00e4ngerin Lisa K\u00f6gler und Keyboarder Jan Eric Markert. Die beiden werden oft als Electronic-Pop-Duo bezeichnet. Wenn man die neue 4-Track-EP der Band h\u00f6rt, fragt man sich stellenweise warum. Klar, bietet sich an, wenn das Ganze offiziell nur aus einer S\u00e4ngerin und einem Keyboarder\/Programmer besteht. Live allerdings holen sich die beiden aber immer durchaus Verst\u00e4rkung auf die B\u00fchne und das h\u00f6rt man auch auf der EP. F\u00fcr eine Klassifizierung als \u201eelektronisch\u201c rockt das Ding n\u00e4mlich viel zu sehr. Das liegt aber nicht nur daran, dass da tats\u00e4chlich auch eine E-Gitarre zu h\u00f6ren ist, sondern vor allem auch an der Stimme von Lisa. Sanft-unterk\u00fchlt kann die Dame zwar ebenfalls, aber wenn sie erst mal aufdreht (was sie \u00fcbrigens in eigentlich jedem Song tut)&#8230; habe die Ehre, was f\u00fcr ein Organ! Mit der R\u00f6hre k\u00f6nnte sie auch gegen laute, schrammelige Gitarrenw\u00e4nde ansingen (und w\u00fcrde gewinnen). Muss sie in dem Fall aber gottseidank nicht. Dazu ist die Musik dann wiederum doch zu sehr in der Pop-Ecke angesiedelt. <\/span><\/p>\n<p style=\"text-align: justify;\"><span lang=\"de-DE\">Weckt das Erinnerungen an die 80er Jahre? Klar. Da finden sich gen\u00fcgend typische Synth- Elemente oder auch Dinge wie das dezent eingesetzte Saxophon beim Titeltrack. Auch f\u00fcr die 90er w\u00fcrden sich Argumente finden lassen. Die Retro-Einfl\u00fcsse sind zwar h\u00f6rbar vorhanden, jedoch ganz bestimmt nicht nach dem Motto \u201eTorte ins Gesicht\u201c. <a href=\"http:\/\/www.weareeveline.com\/\" target=\"_blank\">EVELINE<\/a> setzen diese Elemente ganz dezent ein und kreieren daraus einen eigenen, absolut zeitgem\u00e4\u00dfen Sound. Tanzbar? Kannste wetten!<\/span><\/p>\n<p style=\"text-align: justify;\"><span lang=\"de-DE\">Was hatten wir nun schon alles? Elektronic, Rock, Pop, Indie (passt sowieso immer)&#8230; moment, habe ich Soul schon erw\u00e4hnt? Die Scheibe groovt, dass es eine wahre Freude ist. H\u00f6rt Euch mal \u201eThunder\u201c an! <\/span><\/p>\n<p lang=\"de-DE\" style=\"text-align: justify;\">Die EP erscheint als digitaler Download und wird in limitierter Auflage auch als Hardcopy (CD) erh\u00e4ltlich sein.<\/p>\n<p lang=\"de-DE\" style=\"text-align: justify;\"><strong>Fazit:<\/strong> Das ganze Einsortieren ist in diesem Fall eigentlich absolut m\u00fc\u00dfig. (Wie hei\u00dft unsere Seite doch gleich?) Die vier Tracks sind einfach gut und dazu noch absolut hitverd\u00e4chtig produziert. Punkt. Anders gesagt: da reift ein gar nicht mal so kleines Juwel heran.<\/p>\n<p lang=\"de-DE\" style=\"text-align: justify;\">Man will ja eigentlich zu so einem Ding erst einmal gratulieren und nicht gleich schon wieder Druck aufbauen, aber ich hoffe dennoch, dass diesem \u201eTeaser\u201c bald ein vollst\u00e4ndiges Album folgen wird. Darauf w\u00e4re ich jedenfalls so gespannt, wie schon lange nicht mehr bei einem \u201eNewcomer\u201c.<\/p>\n<p>&nbsp;<\/p>\n<p><iframe loading=\"lazy\" width=\"640\" height=\"360\" src=\"https:\/\/www.youtube.com\/embed\/vM3qXxhmQnY?feature=oembed\" frameborder=\"0\" allowfullscreen><\/iframe><\/p>\n<p>&nbsp;<\/p>\n<p style=\"text-align: justify;\"><a href=\"http:\/\/www.weareeveline.com\/\" target=\"_blank\">EVELINE<\/a><br \/>\nScared<br \/>\n(Digital-EP)<br \/>\n<a href=\"https:\/\/spinnup.com\/\" target=\"_blank\">Spinnup<\/a><br \/>\nV\u00d6: 10.02.2017<\/p>\n<p>&nbsp;<\/p>\n<p style=\"text-align: justify;\"><strong>Tracklist:<\/strong><\/p>\n<p style=\"text-align: justify;\">1. Simple<br \/>\n2. Scared<br \/>\n3. Time<br \/>\n4. Thunder<\/p>\n","protected":false},"excerpt":{"rendered":"<p>Das Berliner Duo EVELINE macht in der Hauptstadt schon seit etwa einem Jahr als Live Act von sich reden. Unter anderem supporteten die beiden schon K\u00fcnstler wie Adam Lambert oder L\u00e5psley. Nun steht ihre Deb\u00fct-EP kurz vor der Ver\u00f6ffentlichung. Wir &hellip; <a href=\"https:\/\/www.schubladenfrei.com\/cms\/aktuelles\/eveline-scared-ep-review\/\">Weiterlesen <span class=\"meta-nav\">&rarr;<\/span><\/a><\/p>\n","protected":false},"author":10,"featured_media":0,"comment_status":"open","ping_status":"open","sticky":false,"template":"","format":"standard","meta":[],"categories":[4,144,139],"tags":[220,382,264,274,385,152,316,317,384,383],"_links":{"self":[{"href":"https:\/\/www.schubladenfrei.com\/cms\/wp-json\/wp\/v2\/posts\/7529"}],"collection":[{"href":"https:\/\/www.schubladenfrei.com\/cms\/wp-json\/wp\/v2\/posts"}],"about":[{"href":"https:\/\/www.schubladenfrei.com\/cms\/wp-json\/wp\/v2\/types\/post"}],"author":[{"embeddable":true,"href":"https:\/\/www.schubladenfrei.com\/cms\/wp-json\/wp\/v2\/users\/10"}],"replies":[{"embeddable":true,"href":"https:\/\/www.schubladenfrei.com\/cms\/wp-json\/wp\/v2\/comments?post=7529"}],"version-history":[{"count":1,"href":"https:\/\/www.schubladenfrei.com\/cms\/wp-json\/wp\/v2\/posts\/7529\/revisions"}],"predecessor-version":[{"id":7531,"href":"https:\/\/www.schubladenfrei.com\/cms\/wp-json\/wp\/v2\/posts\/7529\/revisions\/7531"}],"wp:attachment":[{"href":"https:\/\/www.schubladenfrei.com\/cms\/wp-json\/wp\/v2\/media?parent=7529"}],"wp:term":[{"taxonomy":"category","embeddable":true,"href":"https:\/\/www.schubladenfrei.com\/cms\/wp-json\/wp\/v2\/categories?post=7529"},{"taxonomy":"post_tag","embeddable":true,"href":"https:\/\/www.schubladenfrei.com\/cms\/wp-json\/wp\/v2\/tags?post=7529"}],"curies":[{"name":"wp","href":"https:\/\/api.w.org\/{rel}","templated":true}]}}