{"id":7055,"date":"2016-06-09T22:52:22","date_gmt":"2016-06-09T20:52:22","guid":{"rendered":"http:\/\/www.schubladenfrei.com\/cms\/?p=7055"},"modified":"2016-06-09T22:52:22","modified_gmt":"2016-06-09T20:52:22","slug":"samaris-black-lights-cd-review","status":"publish","type":"post","link":"https:\/\/www.schubladenfrei.com\/cms\/aktuelles\/samaris-black-lights-cd-review\/","title":{"rendered":"SAMARIS &#8211; Black Lights (CD-Review)"},"content":{"rendered":"<p style=\"text-align: justify;\"><a href=\"http:\/\/www.schubladenfrei.com\/cms\/wp-content\/uploads\/2016\/06\/SAMARIS-Black-Lights-Cover.jpg\"><img loading=\"lazy\" class=\" size-medium wp-image-7056 aligncenter\" src=\"http:\/\/www.schubladenfrei.com\/cms\/wp-content\/uploads\/2016\/06\/SAMARIS-Black-Lights-Cover-300x300.jpg\" alt=\"SAMARIS - Black Lights - Cover\" width=\"300\" height=\"300\" srcset=\"https:\/\/www.schubladenfrei.com\/cms\/wp-content\/uploads\/2016\/06\/SAMARIS-Black-Lights-Cover-300x300.jpg 300w, https:\/\/www.schubladenfrei.com\/cms\/wp-content\/uploads\/2016\/06\/SAMARIS-Black-Lights-Cover-150x150.jpg 150w, https:\/\/www.schubladenfrei.com\/cms\/wp-content\/uploads\/2016\/06\/SAMARIS-Black-Lights-Cover.jpg 900w\" sizes=\"(max-width: 300px) 100vw, 300px\" \/><\/a><\/p>\n<p style=\"text-align: justify;\"><span lang=\"de-DE\">Als das Trio <\/span>J\u00f3fr\u00ed\u00f0ur \u00c1kad\u00f3ttir, <span lang=\"de-DE\">\u00c1slaug R\u00fan Magn\u00fasd\u00f3ttir und \u00de\u00f3r\u00f0ur K\u00e1ri Stein\u00fe\u00f3rsson vor f\u00fcnf Jahren in Island zusammenfand, hatte wohl keiner der drei eine genaue Idee, wohin die Reise gehen, geschweige denn wie gro\u00df das Ganze innerhalb kurzer Zeit werden w\u00fcrde. Inzwischen sind <a href=\"http:\/\/samaris.is\/\" target=\"_blank\">SAMARIS<\/a> in Clubs und auf Festivals rund um die Welt aufgetreten und eine feste Gr\u00f6\u00dfe in der internationalen Electronica-Szene. Auf ihrem im Juni erscheinenden Album \u201eBlack Lights\u201c verarbeiten die Musiker diese Erfahrungen und l\u00e4uten damit auch ein neues Kapitel in der Bandgeschichte ein. <\/span><\/p>\n<p style=\"text-align: justify;\"><!--more--><\/p>\n<p lang=\"de-DE\" style=\"text-align: justify;\">Die signifikanteste Neuerung f\u00e4llt bereits beim Lesen der Album-Tracklist ins Auge: Waren die Songs auf den beiden Vorg\u00e4ngern noch durchweg in ihrer eigenen Landessprache, tragen jetzt alle Songs englische Titel und werden auch durchgehend in Englisch gesungen. Dass sollte jetzt allerdings nicht als eine Anbiederung an das zunehmend internationale Publikum der Band verstanden werden. Vielmehr ist es ganz einfach die logische Konsequenz und Ausdruck der ganz pers\u00f6nlichen neuen Lebenswege, den die drei jungen K\u00fcnstler nun seit einiger Zeit beschreiten. W\u00e4hrend sie sich ihrer Heimat Island nach wie vor sehr verbunden f\u00fchlen, hat sich der Lebensmittelpunkt der einzelnen Musiker inzwischen ins Ausland verlagert. W\u00e4hrend \u00de\u00f3r\u00f0ur in Berlin und \u00c1slaug in Den Haag ans\u00e4ssig ist, hat J\u00f3fr\u00ed\u00f0ur derzeit keinen festen Wohnsitz und reist auf der Suche nach musikalischen Inspirationen durch die Welt.<\/p>\n<p lang=\"de-DE\" style=\"text-align: justify;\">Als man sich im letzten Jahr entschloss, ein neues Album aufzunehmen, kam man, so die Band, sehr schnell zu der Entscheidung, es diesmal auf Englisch zu versuchen. Die Band mietete ein Airbnb-Appartement in Berlin und richtete sich dort ein improvisiertes Studio ein. W\u00e4hrend sie an den Melodien arbeiteten, machten die drei auch erste Text-Notizen. \u201eDas war erst mal Kauderwelsch\u201c, erkl\u00e4rt J\u00f3fr\u00ed\u00f0ur. \u201eErst sp\u00e4ter haben wir es zu etwas zusammengef\u00fcgt, was f\u00fcr uns Sinn ergab.\u201c<\/p>\n<p style=\"text-align: justify;\"><span lang=\"de-DE\">\u00c4hnlich patchwork-artig gestaltete sich die weitere Entstehung des Albums. Weitere Teile entstanden in Reykjavik und in Irland, zwischenzeitlich schickten sich die Musiker einzelne Files hin und her \u2013 im Internet-Zeitalter stellt so etwas ja kein gro\u00dfes Problem dar. Zusammengef\u00fcgt wurde das Ganze schlie\u00dflich in einem Studio im isl\u00e4ndischen Hafnarfj\u00f6r<\/span><span style=\"font-family: Times New Roman,serif;\"><span lang=\"de-DE\">\u00f0<\/span><\/span><span lang=\"de-DE\">ur. <\/span><\/p>\n<p lang=\"de-DE\" style=\"text-align: justify;\">Doch die Lebenssituation der Bandmitglieder wirkte sich nicht nur auf den Aufnahmeprozess aus, auch in ihrem Privatleben ging es teilweise recht turbulent zu, wie J\u00f3fr\u00ed\u00f0ur erz\u00e4hlt: \u201eAlle hatten mit Wirren in ihrem Liebesleben zu k\u00e4mpfen. Einige hatten Beziehungen, die nicht funktionierte, andere waren einfach komplett durcheinander. Daran hat sich eigentlich nichts ver\u00e4ndert\u201c, lacht sie. Besonders der Song \u201eT3mpo\u201c reflektiert diesen Aspekt im Leben der Band.<\/p>\n<p lang=\"de-DE\" style=\"text-align: justify;\">\u00c0 propos Tempo: Auch dies ist ein Aspekt, der sofort ins Auge beziehungsweise in dem Fall ins Ohr sticht: Im Gegensatz zu den Vorg\u00e4ngeralben klingt die Musik ein wenig peppiger und auch fr\u00f6hlicher, in jedem Fall tanzbarer als einige der alten Downtempo-Nummern. Auch ist (leider) \u00c1slaugs Klarinette nicht mehr ganz so pr\u00e4sent, wie man es von den alten St\u00fccken gewohnt ist. Entstanden ist so ein modernes, mond\u00e4nes Electronica-Album, irgendwo zwischen entspanntem Lounge-Chillout und l\u00e4ssigem Club Dance Sound.<\/p>\n<p lang=\"de-DE\" style=\"text-align: justify;\">Wundersch\u00f6n anzuh\u00f6ren, das in jedem Fall, aber an mancher Stelle vermisst man doch den speziellen Zauber, den die alten isl\u00e4ndischen Texte verstr\u00f6mten. Nat\u00fcrlich versteht man die Texte nun auch als des Isl\u00e4ndischen Unkundiger und J\u00f3fr\u00ed\u00f0urs Stimme besitzt genug nordischen Charme, um das Album nicht in irgendeiner Form beliebig erscheinen zu lassen. Dennoch w\u00fcrde ich mir auf der n\u00e4chsten Scheibe wieder ein paar Texte in der Heimatsprache der drei w\u00fcnschen. Vielleicht ergibt sich so eine noch spannendere Balance. Aber das ist in jedem Fall Kritik bzw. jammern auf allerh\u00f6chstem Niveau, denn alles in allem kann man f\u00fcr das neueste Werk von <a href=\"http:\/\/samaris.is\/\" target=\"_blank\">SAMARIS<\/a> nichts anderes vergeben als das Pr\u00e4dikat \u201esehr empfehlenswert\u201c.<\/p>\n<p lang=\"de-DE\">Einige der neuen St\u00fccke hat das Trio bereits beim letzten <a href=\"http:\/\/www.schubladenfrei.com\/cms\/aktuelles\/samaris-berlin-auster-club\/\">Showcase-Auftritt<\/a> in Berlin live vorgestellt. Bleibt zu hoffen, dass die n\u00e4chste vollst\u00e4ndige Club-Tour nicht mehr all zu fern ist.<\/p>\n<p lang=\"de-DE\">\n<p lang=\"de-DE\" style=\"text-align: justify;\">V\u00d6: 10.06.2016<\/p>\n<p lang=\"de-DE\" style=\"text-align: justify;\"><a href=\"http:\/\/indian.co.uk\/\" target=\"_blank\">One Little Indian<\/a> \/ <a href=\"http:\/\/www.roughtrade.de\/\" target=\"_blank\">Rough Trade<\/a><\/p>\n<p lang=\"de-DE\" style=\"text-align: justify;\">\n<p lang=\"de-DE\" style=\"text-align: justify;\">Tracklist:<\/p>\n<p lang=\"de-DE\" style=\"text-align: justify;\">01. Wanted 2 Say<br \/>\n02. Black Lights<br \/>\n03. Gradient Sky<br \/>\n04. T3mp0<br \/>\n05. I Will<br \/>\n06. R4vin<br \/>\n07. 3y3<br \/>\n08. T4ngled<br \/>\n09. In Deep<\/p>\n<p lang=\"de-DE\" style=\"text-align: justify;\">\n<p lang=\"de-DE\" style=\"text-align: justify;\">\n","protected":false},"excerpt":{"rendered":"<p>Als das Trio J\u00f3fr\u00ed\u00f0ur \u00c1kad\u00f3ttir, \u00c1slaug R\u00fan Magn\u00fasd\u00f3ttir und \u00de\u00f3r\u00f0ur K\u00e1ri Stein\u00fe\u00f3rsson vor f\u00fcnf Jahren in Island zusammenfand, hatte wohl keiner der drei eine genaue Idee, wohin die Reise gehen, geschweige denn wie gro\u00df das Ganze innerhalb kurzer Zeit werden &hellip; <a href=\"https:\/\/www.schubladenfrei.com\/cms\/aktuelles\/samaris-black-lights-cd-review\/\">Weiterlesen <span class=\"meta-nav\">&rarr;<\/span><\/a><\/p>\n","protected":false},"author":10,"featured_media":0,"comment_status":"open","ping_status":"open","sticky":false,"template":"","format":"standard","meta":[],"categories":[4,144,139],"tags":[287,290,152,211,12],"_links":{"self":[{"href":"https:\/\/www.schubladenfrei.com\/cms\/wp-json\/wp\/v2\/posts\/7055"}],"collection":[{"href":"https:\/\/www.schubladenfrei.com\/cms\/wp-json\/wp\/v2\/posts"}],"about":[{"href":"https:\/\/www.schubladenfrei.com\/cms\/wp-json\/wp\/v2\/types\/post"}],"author":[{"embeddable":true,"href":"https:\/\/www.schubladenfrei.com\/cms\/wp-json\/wp\/v2\/users\/10"}],"replies":[{"embeddable":true,"href":"https:\/\/www.schubladenfrei.com\/cms\/wp-json\/wp\/v2\/comments?post=7055"}],"version-history":[{"count":1,"href":"https:\/\/www.schubladenfrei.com\/cms\/wp-json\/wp\/v2\/posts\/7055\/revisions"}],"predecessor-version":[{"id":7057,"href":"https:\/\/www.schubladenfrei.com\/cms\/wp-json\/wp\/v2\/posts\/7055\/revisions\/7057"}],"wp:attachment":[{"href":"https:\/\/www.schubladenfrei.com\/cms\/wp-json\/wp\/v2\/media?parent=7055"}],"wp:term":[{"taxonomy":"category","embeddable":true,"href":"https:\/\/www.schubladenfrei.com\/cms\/wp-json\/wp\/v2\/categories?post=7055"},{"taxonomy":"post_tag","embeddable":true,"href":"https:\/\/www.schubladenfrei.com\/cms\/wp-json\/wp\/v2\/tags?post=7055"}],"curies":[{"name":"wp","href":"https:\/\/api.w.org\/{rel}","templated":true}]}}