{"id":6892,"date":"2016-03-09T01:32:44","date_gmt":"2016-03-09T00:32:44","guid":{"rendered":"http:\/\/www.schubladenfrei.com\/cms\/?p=6892"},"modified":"2016-03-09T01:42:34","modified_gmt":"2016-03-09T00:42:34","slug":"tell-the-prime-minister-innenansichten-der-japanischen-anti-atomkraft-bewegung","status":"publish","type":"post","link":"https:\/\/www.schubladenfrei.com\/cms\/aktuelles\/tell-the-prime-minister-innenansichten-der-japanischen-anti-atomkraft-bewegung\/","title":{"rendered":"\u201eTell the Prime Minister\u201c &#8211; Innenansichten der japanischen Anti-Atomkraft-Bewegung"},"content":{"rendered":"<p style=\"text-align: justify;\"><a href=\"http:\/\/www.schubladenfrei.com\/cms\/wp-content\/uploads\/2016\/03\/Tell-the-Prime-Minister.jpg\"><img loading=\"lazy\" class=\" size-medium wp-image-6897 aligncenter\" src=\"http:\/\/www.schubladenfrei.com\/cms\/wp-content\/uploads\/2016\/03\/Tell-the-Prime-Minister-300x300.jpg\" alt=\"Tell the Prime Minister\" width=\"300\" height=\"300\" srcset=\"https:\/\/www.schubladenfrei.com\/cms\/wp-content\/uploads\/2016\/03\/Tell-the-Prime-Minister-300x300.jpg 300w, https:\/\/www.schubladenfrei.com\/cms\/wp-content\/uploads\/2016\/03\/Tell-the-Prime-Minister-150x150.jpg 150w, https:\/\/www.schubladenfrei.com\/cms\/wp-content\/uploads\/2016\/03\/Tell-the-Prime-Minister.jpg 800w\" sizes=\"(max-width: 300px) 100vw, 300px\" \/><\/a><\/p>\n<p style=\"text-align: justify;\">Nach \u201eOccupy Wall Street\u201c in den USA und vor der \u201eRegenschirm-Revolution\u201c in Hong Kong versammelten sich im Sommer 2012 um die 200.000 Menschen vor dem B\u00fcro des japanischen Premierministers in Tokio. Sie kamen, um gegen die japanische Atomenergiepolitik zu protestieren, ausgel\u00f6st durch die Katastrophe von Fukushima im Jahr zuvor. \u00dcber Japans Anti-Atom-Bewegung wurde in den Medien des Landes nicht berichtet und damit bekam auch die Welt davon kaum etwas mit. Der Dokumentarfilm\u00a0 \u201e<a href=\"http:\/\/www.uplink.co.jp\/kanteimae\/index_en.php\" target=\"_blank\">Tell the Prime Minister<\/a>\u201c des japanischen Wissenschaftlers Eiji Oguma kombiniert Interviews mit von Handykameras gefilmtem Material und zeigt damit ein lebendiges und authentisches Bild einer der gr\u00f6\u00dften sozialen Bewegungen, die das Land der aufgehenden Sonne seit langem erlebt hat.<\/p>\n<p style=\"text-align: justify;\"><!--more--><\/p>\n<p style=\"text-align: justify;\">Der Film setzt sich aus zwei Teilen zusammen. Interviews mit Betroffenen und Beteiligten \u2013 vom damalig amtierenden Premierminister, der nun zum Umwelt-Aktivisten mutiert ist, \u00fcber Ladenbesitzer und Studenten bis hin zu in Japan lebenden Ausl\u00e4ndern \u2013 wechseln mit Sequenzen, die von Teilnehmern der Demonstrationen bei Vorbereitungstreffen und auf der Stra\u00dfe gefilmt wurden.<\/p>\n<div id=\"attachment_6894\" style=\"width: 220px\" class=\"wp-caption alignright\"><a href=\"http:\/\/www.schubladenfrei.com\/cms\/wp-content\/uploads\/2016\/03\/Eiji-Oguma-director.jpg\"><img aria-describedby=\"caption-attachment-6894\" loading=\"lazy\" class=\"size-full wp-image-6894\" src=\"http:\/\/www.schubladenfrei.com\/cms\/wp-content\/uploads\/2016\/03\/Eiji-Oguma-director.jpg\" alt=\"Eiji Oguma\" width=\"210\" height=\"260\" \/><\/a><p id=\"caption-attachment-6894\" class=\"wp-caption-text\">Eiji Oguma<\/p><\/div>\n<p style=\"text-align: justify;\">Eiji Oguma ist eigentlich Professor am Institut f\u00fcr Policy Management der Keio-Universit\u00e4t in Tokio, wo er zu Themen wie nationaler Identit\u00e4t und Nationalismus, Kolonialpolitik, Demokratieverst\u00e4ndnis und sozialen Bewegungen im modernen Japan forscht. F\u00fcr seine Ver\u00f6ffentlichungen wurde er bereits sechs mal mit Preisen ausgezeichnet. \u201eTell the Prime Minister\u201c ist sein erster Film. Oguma selbst sieht sich jedoch deshalb nicht als Filmemacher:<\/p>\n<p style=\"text-align: justify;\">\u201eIch bin Soziologe und Historiker. Ich wollte mit dem Film einfach nur diese historische Begebenheit dokumentieren. Ich sah es als meinen Auftrag diese Ereignisse einzufangen, damit sie f\u00fcr zuk\u00fcnftige Generationen nicht verloren gehen. In meinen B\u00fcchern habe ich schon immer Fragmente historischer Dokumente zusammengesetzt, um eine Geschichte zu erz\u00e4hlen. Bei diesem Projekt machte es irgendwie keinen Unterschied, ob ich Worte oder Film benutzte, um diese spezielle Geschichte zu erz\u00e4hlen.\u201c<\/p>\n<p><iframe loading=\"lazy\" src=\"https:\/\/player.vimeo.com\/video\/137458436\" width=\"640\" height=\"360\" frameborder=\"0\" title=\"&quot;Tell the Prime Minister&quot; Trailer (International Version)\" webkitallowfullscreen mozallowfullscreen allowfullscreen><\/iframe><\/p>\n<p style=\"text-align: justify;\">Seinem historischen Ansatz folgend, bietet der Film aber nicht nur ein unmittelbares Zeugnis des Protests. Die chronologische Ordnung, im ersten Teil vor allem bestehend aus Interview-Sequenzen und Nachrichtenmaterial, sorgt daf\u00fcr, dass man ein Gef\u00fchl f\u00fcr den Ablauf der Ereignisse bekommt.<br \/>\nBei aller Beteuerung die Ereignisse lediglich als Historiker aufgezeichnet zu haben ist Ogumas Bild-Chronik nat\u00fcrlich aber kein unpolitisches Werk, was sp\u00e4testens durch das eigene Engagement des Regisseurs innerhalb der Protestbewegung, die auch im Film zu sehen ist, offensichtlich wird. Dies will er aber auch gar nicht leugnen. Ihm geht es eher darum, herauszustellen, dass er den Film weniger als \u201esein\u201c Werk, als vielmehr das aller daran Beteiligten ansieht, die entweder durch das Filmen oder die Interviews unentgeltlich zu dessen Fertigstellung beigetragen haben.<\/p>\n<p style=\"text-align: justify;\"><a href=\"http:\/\/www.schubladenfrei.com\/cms\/wp-content\/uploads\/2016\/03\/Tell-the-Prime-Minister-Szenenbild.jpg\"><img loading=\"lazy\" class=\"alignleft size-medium wp-image-6896\" src=\"http:\/\/www.schubladenfrei.com\/cms\/wp-content\/uploads\/2016\/03\/Tell-the-Prime-Minister-Szenenbild-300x169.jpg\" alt=\"Tell the Prime Minister - Szenenbild\" width=\"300\" height=\"169\" srcset=\"https:\/\/www.schubladenfrei.com\/cms\/wp-content\/uploads\/2016\/03\/Tell-the-Prime-Minister-Szenenbild-300x169.jpg 300w, https:\/\/www.schubladenfrei.com\/cms\/wp-content\/uploads\/2016\/03\/Tell-the-Prime-Minister-Szenenbild.jpg 960w\" sizes=\"(max-width: 300px) 100vw, 300px\" \/><\/a>Die wichtigste Frage, die man sich in der Erinnerung und auch nach dem Betrachten des Films unweigerlich wieder stellt, und auf die der Film keine Antwort gibt, ist die, warum Massenproteste dieser Gr\u00f6\u00dfenordnung in den japanischen Medien so nahezu vollst\u00e4ndig totgeschwiegen wurden oder werden konnten. Japan genie\u00dft ja nun nicht unbedingt den Ruf einer totalit\u00e4ren Diktatur, um so mehr dr\u00e4ngt sich der Umstand als fragw\u00fcrdig auf. Auch Eiji Oguma tut sich in einer dem Film anschlie\u00dfenden Diskussion sichtlich schwer, eine Erkl\u00e4rung zu formulieren:<\/p>\n<p style=\"text-align: justify;\"><a href=\"http:\/\/www.schubladenfrei.com\/cms\/wp-content\/uploads\/2016\/03\/Tell-the-Prime-Minister-Szenenbild-2.jpg\"><img loading=\"lazy\" class=\" size-medium wp-image-6895 alignright\" src=\"http:\/\/www.schubladenfrei.com\/cms\/wp-content\/uploads\/2016\/03\/Tell-the-Prime-Minister-Szenenbild-2-300x169.jpg\" alt=\"Tell the Prime Minister - Szenenbild 2\" width=\"300\" height=\"169\" srcset=\"https:\/\/www.schubladenfrei.com\/cms\/wp-content\/uploads\/2016\/03\/Tell-the-Prime-Minister-Szenenbild-2-300x169.jpg 300w, https:\/\/www.schubladenfrei.com\/cms\/wp-content\/uploads\/2016\/03\/Tell-the-Prime-Minister-Szenenbild-2.jpg 900w\" sizes=\"(max-width: 300px) 100vw, 300px\" \/><\/a>\u201eAm besten l\u00e4sst es sich wohl damit erkl\u00e4ren, dass Japan keinerlei Erfahrung mit sozialen Bewegungen auf einer derart breiten und [divers] Basis hat. Selbst die Protestbewegung der 60er Jahre wurde in Japan fast ausschlie\u00dflich von den Studentenverb\u00e4nden und den Gewerkschaften getragen und gesteuert. Die Teilnehmer der Proteste gegen die nukleare Energiepolitik kamen dagegen aus allen Schichten der Gesellschaft und es gab keine irgendwie geartete Organisation, die dahinter stand. Mit so etwas hatten die japanischen Medien keine Erfahrung. So etwas gab es bei uns einfach nicht. Das entspricht nicht der normalen japanischen Mentalit\u00e4t. Nat\u00fcrlich versuchten einzelne Journalisten, \u00fcber die Demonstrationen zu berichten, aber in den Chefetagen und Redaktionen wurde das Thema ignoriert und totgeschwiegen.\u201c<\/p>\n<p style=\"text-align: justify;\"><a href=\"http:\/\/www.schubladenfrei.com\/cms\/wp-content\/uploads\/2016\/03\/Tell-the-Prime-Minister-Szenenbild-3.jpg\"><img loading=\"lazy\" class=\"alignleft  wp-image-6900\" src=\"http:\/\/www.schubladenfrei.com\/cms\/wp-content\/uploads\/2016\/03\/Tell-the-Prime-Minister-Szenenbild-3-300x169.jpg\" alt=\"Tell the Prime Minister - Szenenbild 3\" width=\"275\" height=\"155\" srcset=\"https:\/\/www.schubladenfrei.com\/cms\/wp-content\/uploads\/2016\/03\/Tell-the-Prime-Minister-Szenenbild-3-300x169.jpg 300w, https:\/\/www.schubladenfrei.com\/cms\/wp-content\/uploads\/2016\/03\/Tell-the-Prime-Minister-Szenenbild-3.jpg 900w\" sizes=\"(max-width: 275px) 100vw, 275px\" \/><\/a>Die traditionell-konservativen Werten verhaftete japanische Mentalit\u00e4t d\u00fcrfte wohl nur einer von mehreren Gr\u00fcnden f\u00fcr das \u201eEs kann nicht sein, was nicht sein darf\u201c sein. Die heutzutage in \u201ewestlichen\u201c Demokratien \u00fcbliche und auch im fernen Osten kaum verwundernde Verflechtung von Medien mit Wirtschaft und Politik ist mit Sicherheit einer der anderen.<\/p>\n<p style=\"text-align: justify;\">\u201eTell the Prime Minister\u201c ist ein spannendes Zeitdokument, das einem einmal mehr bewusst macht, wie nahe Japan und wie klein der blaue Ball doch ist, auf dem wir durchs All reisen. Vor allem aber ruft es die nach wie vor hoch aktuellen Ereignisse in Japan wieder ins Ged\u00e4chtnis, deren Auswirkungen noch lange anhalten werden und die in unserer schnelllebigen Medienwelt inzwischen schon beinahe wieder der Vergessenheit anheim gefallen sind.<\/p>\n<p style=\"text-align: justify;\">Derzeit tourt Eiji Oguma mit seinem Film um die Welt. Auch in Deutschland wird er bei einigen Festivals und in Sondervorstellungen zu sehen sein. Die Termine gibt es <a href=\"http:\/\/www.uplink.co.jp\/kanteimae\/theater_en.php\" target=\"_blank\">hier<\/a>.<\/p>\n<p style=\"text-align: center;\"><strong><em>\u201eThe people who appear in this film are truly stars in my eyes. They are diverse in gender, generation, class, origin, nationality, and orientation. When they gathered in front of the Prime Minister&#8217;s Office to protest it was such a rare, powerful, and beautiful moment.\u201c<\/em><\/strong><\/p>\n<p style=\"text-align: right;\"><strong>Eiji Oguma<\/strong><\/p>\n","protected":false},"excerpt":{"rendered":"<p>Nach \u201eOccupy Wall Street\u201c in den USA und vor der \u201eRegenschirm-Revolution\u201c in Hong Kong versammelten sich im Sommer 2012 um die 200.000 Menschen vor dem B\u00fcro des japanischen Premierministers in Tokio. Sie kamen, um gegen die japanische Atomenergiepolitik zu protestieren, &hellip; <a href=\"https:\/\/www.schubladenfrei.com\/cms\/aktuelles\/tell-the-prime-minister-innenansichten-der-japanischen-anti-atomkraft-bewegung\/\">Weiterlesen <span class=\"meta-nav\">&rarr;<\/span><\/a><\/p>\n","protected":false},"author":10,"featured_media":0,"comment_status":"open","ping_status":"open","sticky":false,"template":"","format":"standard","meta":[],"categories":[4,140,145],"tags":[261,258,93,260,159,259,262],"_links":{"self":[{"href":"https:\/\/www.schubladenfrei.com\/cms\/wp-json\/wp\/v2\/posts\/6892"}],"collection":[{"href":"https:\/\/www.schubladenfrei.com\/cms\/wp-json\/wp\/v2\/posts"}],"about":[{"href":"https:\/\/www.schubladenfrei.com\/cms\/wp-json\/wp\/v2\/types\/post"}],"author":[{"embeddable":true,"href":"https:\/\/www.schubladenfrei.com\/cms\/wp-json\/wp\/v2\/users\/10"}],"replies":[{"embeddable":true,"href":"https:\/\/www.schubladenfrei.com\/cms\/wp-json\/wp\/v2\/comments?post=6892"}],"version-history":[{"count":7,"href":"https:\/\/www.schubladenfrei.com\/cms\/wp-json\/wp\/v2\/posts\/6892\/revisions"}],"predecessor-version":[{"id":6904,"href":"https:\/\/www.schubladenfrei.com\/cms\/wp-json\/wp\/v2\/posts\/6892\/revisions\/6904"}],"wp:attachment":[{"href":"https:\/\/www.schubladenfrei.com\/cms\/wp-json\/wp\/v2\/media?parent=6892"}],"wp:term":[{"taxonomy":"category","embeddable":true,"href":"https:\/\/www.schubladenfrei.com\/cms\/wp-json\/wp\/v2\/categories?post=6892"},{"taxonomy":"post_tag","embeddable":true,"href":"https:\/\/www.schubladenfrei.com\/cms\/wp-json\/wp\/v2\/tags?post=6892"}],"curies":[{"name":"wp","href":"https:\/\/api.w.org\/{rel}","templated":true}]}}